{"id":211402,"date":"2023-03-14T22:32:22","date_gmt":"2023-03-15T01:32:22","guid":{"rendered":"https:\/\/diarioregionaldigital.com.br\/?p=211402"},"modified":"2023-03-14T22:32:22","modified_gmt":"2023-03-15T01:32:22","slug":"confira-o-calendario-de-imunizacao-contra-a-covid-19-na-quarta-feira-15","status":"publish","type":"post","link":"https:\/\/diarioregionaldigital.com.br\/?p=211402","title":{"rendered":"Confira o calend\u00e1rio de imuniza\u00e7\u00e3o contra a Covid-19 na quarta-feira, 15"},"content":{"rendered":"<p>Segundo informa\u00e7\u00f5es do site da Prefeitura de Juiz de Fora (PJF), com a<a href=\"https:\/\/www.pjf.mg.gov.br\/noticias\/view.php?modo=link2&amp;idnoticia2=78978\"><strong>\u00a0aplica\u00e7\u00e3o da vacina bivalente contra a Covid-19 em pessoas com 60 anos ou mais de idade ou de imunossuprimidos com 30 anos ou mais<\/strong><\/a>,<strong>\u00a0<\/strong>a<strong>\u00a0<\/strong>Prefeitura de Juiz de Fora (PJF) continua a campanha de imuniza\u00e7\u00e3o contra a Covid-19 no munic\u00edpio na quarta-feira, 15 de mar\u00e7o. A vacina\u00e7\u00e3o deste p\u00fablico<strong>\u00a0<\/strong>acontece nas Unidades B\u00e1sicas de Sa\u00fade (UBS\u2019s) espalhadas pelo munic\u00edpio, de 8h \u00e0s 10h30 e de 13h \u00e0s 16h, e\u00a0<strong>no Servi\u00e7o de Sa\u00fade do Idoso (Sasi), de 8h \u00e0s 12h, somente para maiores de 60 anos com imunossupress\u00e3o<\/strong>.<\/p>\n<p>&nbsp;<\/p>\n<p>Para receber a vacina bivalente, \u00e9 necess\u00e1rio que a pessoa esteja vacinada com\u00a0<strong>pelo menos duas doses dos imunizantes contra Covid-19, ap\u00f3s um intervalo de quatro meses<\/strong>. O imunizante tamb\u00e9m ser\u00e1 aplicado pelas equipes da Secretaria de Sa\u00fade (SS) em Institui\u00e7\u00f5es de Longa Perman\u00eancia para Idosos (ILPIs).\u00a0<strong>O novo imunizante oferece a prote\u00e7\u00e3o contra o v\u00edrus original da Covid-19, bem como a variante \u00d4micron.<\/strong><\/p>\n<p>&nbsp;<\/p>\n<p>A vacina\u00e7\u00e3o de primeiras, segundas e terceiras doses para\u00a0<strong>as crian\u00e7as de seis meses de idade a menores de cinco anos<\/strong>\u00a0acontece no\u00a0<strong>Departamento de Sa\u00fade da Mulher, Gestante, Crian\u00e7a e do Adolescente (DSMGCA)<\/strong>, de 8h \u00e0s 11h30 e de 13h \u00e0s 16h.<strong>\u00a0As crian\u00e7as de cinco a 11 anos, 11 meses e 29 dias de idade poder\u00e3o se imunizar em 22 UBS\u2019s e no DSMGCA<\/strong>.<\/p>\n<p>&nbsp;<\/p>\n<p><strong>Confira os locais e hor\u00e1rios de vacina\u00e7\u00e3o abaixo.<\/strong><\/p>\n<p>&nbsp;<\/p>\n<p>A Prefeitura de Juiz de Fora (PJF) informa que, devido ao n\u00e3o repasse de novas doses por parte da Secretaria de Estado de Sa\u00fade de Minas Gerais (SES-MG), a vacina\u00e7\u00e3o contra a Covid-19 com as doses monovalentes para a popula\u00e7\u00e3o maior de 12 anos de idade est\u00e1 temporariamente suspensa. T\u00e3o logo sejam recebidos novos carregamentos de imunizantes, a vacina\u00e7\u00e3o ser\u00e1 regularizada.<\/p>\n<p>&nbsp;<\/p>\n<p>Nas unidades de sa\u00fade tamb\u00e9m acontece a<a href=\"https:\/\/www.pjf.mg.gov.br\/noticias\/view.php?modo=link2&amp;idnoticia2=78826\"><strong>\u00a0vacina\u00e7\u00e3o contra a meningite<\/strong><\/a><strong>\u00a0<\/strong>para os jovens de 16 a 30 anos; os trabalhadores da educa\u00e7\u00e3o superior e de escolas t\u00e9cnicas acima dos 16 anos de idade; os profissionais de sa\u00fade com 16 anos de idade ou mais; e os estudantes universit\u00e1rios, sem limite de idade.<\/p>\n<p>&nbsp;<\/p>\n<p>As vacinas de rotina, aplicadas nos mesmos locais,\u00a0<strong>podem ser recebidas por estes p\u00fablicos conjuntamente com os imunizantes contra a Covid-19\u00a0<\/strong>sem qualquer tipo de problema.<\/p>\n<p>&nbsp;<\/p>\n<p>Para receber a vacina bivalente, a\u00a0<strong>pessoa imunossuprimida com 30 anos ou mais<\/strong>\u00a0precisa ser transplantada de \u00f3rg\u00e3o s\u00f3lido ou de medula \u00f3ssea; viver com HIV; com doen\u00e7as inflamat\u00f3rias imunomediadas em atividade e em uso de corticoides\u00a0 maior ou igual a 20 mg\/dia de prednisona, ou equivalente, por 14 ou mais dias; usar imunossupressores e\/ou imunobiol\u00f3gicos que levam \u00e0 imunossupress\u00e3o; com erros inatos de imunidade; com doen\u00e7a renal cr\u00f4nica em hemodi\u00e1lise; paciente oncol\u00f3gicos que realizaram tratamento quimioter\u00e1pico ou radioter\u00e1pico nos \u00faltimos seis meses; e pessoas com neoplasias hematol\u00f3gicas.<\/p>\n<p>&nbsp;<\/p>\n<p><strong>Documenta\u00e7\u00e3o<\/strong><\/p>\n<p>&nbsp;<\/p>\n<p>Aqueles que forem receber a primeira dose da vacina devem apresentar\u00a0 originais e c\u00f3pias de documento de identifica\u00e7\u00e3o com foto (como documento de identidade (RG) ou carteira de motorista) e o CPF, caso o n\u00famero do mesmo n\u00e3o conste na identidade, al\u00e9m da ficha de vacina\u00e7\u00e3o impressa e preenchida. As crian\u00e7as, pr\u00e9-adolescentes e adolescentes que n\u00e3o tiverem o documento de identidade podem apresentar a certid\u00e3o de nascimento.\u00a0<strong>A PJF pede que seja levada uma c\u00f3pia do comprovante de resid\u00eancia no nome dos pais ou respons\u00e1vel com endere\u00e7o em Juiz de Fora.\u00a0<\/strong>As crian\u00e7as com comorbidades ou imunossuprimidas, al\u00e9m destes documentos, devem<strong>\u00a0apresentar um laudo ou atestado m\u00e9dico datado de, no m\u00e1ximo, 12 meses, comprovando a condi\u00e7\u00e3o.<\/strong><\/p>\n<p>&nbsp;<\/p>\n<p>As pessoas que v\u00e3o receber a D2 ou a dose de refor\u00e7o precisam apresentar apenas a ficha de vacina\u00e7\u00e3o, o cart\u00e3o de vacina e um documento de identifica\u00e7\u00e3o com foto, enquanto os imunossuprimidos, al\u00e9m destes documentos, devem apresentar um laudo ou atestado m\u00e9dico datado de, no m\u00e1ximo, 12 meses, comprovando a condi\u00e7\u00e3o. N\u00e3o \u00e9 necess\u00e1ria a apresenta\u00e7\u00e3o de comprovante de resid\u00eancia.<\/p>\n<p>&nbsp;<\/p>\n<p><strong>Refor\u00e7amos o pedido para todos que ser\u00e3o vacinados levarem, impressa e preenchida, a Ficha de Vacina\u00e7\u00e3o, cujo modelo est\u00e1 dispon\u00edvel<\/strong><a href=\"https:\/\/covid19.pjf.mg.gov.br\/arquivos\/formulario_para_vacinacao.pdf\"><strong>\u00a0aqui<\/strong><\/a><strong>; isso facilita no momento da triagem e agiliza o processo de vacina\u00e7\u00e3o.<\/strong><\/p>\n<p>&nbsp;<\/p>\n<p><strong>Confira o calend\u00e1rio de vacina\u00e7\u00e3o contra a Covid-19 de quarta-feira, 15 de mar\u00e7o:<\/strong><\/p>\n<p>&nbsp;<\/p>\n<p><strong>Primeiras, segundas e terceiras doses de todas as crian\u00e7as de seis meses a menores de cinco anos<\/strong><\/p>\n<p>DSMGCA de 8h \u00e0s 11h30 e de 13h \u00e0s 16h.<\/p>\n<p>&nbsp;<\/p>\n<p><strong>Primeiras, segundas e terceiras doses de todas as crian\u00e7as de cinco anos a menores de 12 anos<\/strong><\/p>\n<p>DSMGCA de 8h \u00e0s 11h30 e de 13h \u00e0s 16h e 22 UBS\u2019s de 8h \u00e0s 10h30 e de 13h \u00e0s 16h<\/p>\n<p>&nbsp;<\/p>\n<p><strong>Vacina\u00e7\u00e3o com a bivalente para pessoas com 60 anos ou mais, que receberam a segunda dose h\u00e1 4 meses ou antes,\u00a0ou de imunossuprimidos com 30 anos ou mais<\/strong><\/p>\n<p>UBS\u2019s de 8h \u00e0s 10h30 e de 13h \u00e0s 16h e Sasi de 8h \u00e0s 12h.<\/p>\n<p>&nbsp;<\/p>\n<p><strong>Endere\u00e7os dos locais de vacina\u00e7\u00e3o<\/strong><\/p>\n<p>&nbsp;<\/p>\n<p><strong>Departamento de Sa\u00fade da Mulher, Gestante, Crian\u00e7a e do Adolescente (DSMGCA) \u2013 exclusivamente para crian\u00e7as e adolescentes (seis meses a 5 anos) \u2013 das 8h \u00e0s 11h30 e de 13h \u00e0s 16h (vacina\u00e7\u00e3o contra Covid) e das 8h \u00e0s 14h (vacina\u00e7\u00e3o meningite e demais vacinas de rotina)<\/strong><\/p>\n<p>Rua S\u00e3o Sebasti\u00e3o, 772\/776, Centro<\/p>\n<p>&nbsp;<\/p>\n<p><strong>Servi\u00e7o de Sa\u00fade do Idoso (Sasi) &#8211; exclusivamente para os idosos de 60 anos ou mais para aplica\u00e7\u00e3o da vacina bivalente &#8211; 8h \u00e0s 12h.<\/strong><\/p>\n<p>Rua Batista de Oliveira, 943, bairro Granbery<\/p>\n<p>&nbsp;<\/p>\n<p><strong>UBSs que vacinam com a bivalente de 8h \u00e0s 10h30 e de 13h \u00e0s 16h (quintas, de 8h \u00e0s 10h30 e de 13h \u00e0s 14h30):<\/strong><\/p>\n<p>&nbsp;<\/p>\n<p>1. UBS Benfica<\/p>\n<p>2. UBS Centro Sul<\/p>\n<p>3. UBS Milho Branco<\/p>\n<p>4. UBS Monte Castelo<\/p>\n<p>5. UBS Nossa Senhora Aparecida<\/p>\n<p>6. UBS Nossa Senhora das Gra\u00e7as<\/p>\n<p>7. UBS Progresso<\/p>\n<p>8. UBS Bandeirantes<\/p>\n<p>9. UBS Furtado de Menezes<\/p>\n<p>10. UBS Santa Luzia<\/p>\n<p>11. UBS Vale Verde<\/p>\n<p>12. UBS Vila Olavo Costa<\/p>\n<p>13. UBS Teixeiras<\/p>\n<p>14. UBS Santo Antonio<\/p>\n<p>15. UBS Vila Esperan\u00e7a<\/p>\n<p>16. UBS Alto Graja\u00fa<\/p>\n<p>17. UBS Barreira do Triunfo<\/p>\n<p>18. UBS Borboleta<\/p>\n<p>19. UBS Cidade do Sol (8h \u00e0s 10h30)<\/p>\n<p>20. UBS Cruzeiro do Sul<\/p>\n<p>21. UBS Dom Bosco<\/p>\n<p>22. UBS Esplanada (8h \u00e0s 10h30)<\/p>\n<p>23. UBS Filgueiras<\/p>\n<p>24. UBS Granjas Bethania<\/p>\n<p>25. UBS Bairro Industrial<\/p>\n<p>26. UBS Ipiranga (8h \u00e0s 10h30)<\/p>\n<p>27. UBS Jardim da Lua<\/p>\n<p>28. UBS Jardim Esperan\u00e7a<\/p>\n<p>29. UBS Humait\u00e1<\/p>\n<p>30. UBS J\u00f3quei Clube I<\/p>\n<p>31. UBS J\u00f3quei Clube II<\/p>\n<p>32. UBS Linhares<\/p>\n<p>33. UBS Marumbi<\/p>\n<p>34. UBS Nossa Senhora de Lourdes (13h \u00e0s 16h)<\/p>\n<p>35. UBS Nova Era<\/p>\n<p>36. UBS Parque Guarani<\/p>\n<p>37. UBS Retiro<\/p>\n<p>38. UBS Santa Cec\u00edlia<\/p>\n<p>39. UBS Santa Cruz<\/p>\n<p>40. UBS Santa Efig\u00eania<\/p>\n<p>41. UBS Santa Rita<\/p>\n<p>42. UBS S\u00e3o Judas Tadeu<\/p>\n<p>43. UBS Sarandira<\/p>\n<p>44. UBS Igrejinha<\/p>\n<p>45. UBS Toledos<\/p>\n<p>46. UBS Valadares<\/p>\n<p>47. UBS Caet\u00e9<\/p>\n<p>48. UBS Chap\u00e9u D&#8217;Uvas<\/p>\n<p>49. UBS Dias Tavares<\/p>\n<p>50. UBS Penido<\/p>\n<p>51. UBS Ros\u00e1rio<\/p>\n<p>52. UBS Monte Verde<\/p>\n<p>53. UBS Torre\u00f5es<\/p>\n<p>54. UBS Pirapetinga<\/p>\n<p>55. UBS Paula Lima<\/p>\n<p>56. Volante (Privil\u00e9gio, Pires, Buiei\u00e9, Palmital e Jacutinga)<\/p>\n<p>57. UBS Vila Ideal (13h \u00e0s 14h30 &#8211; exceto \u00e0s quintas)<\/p>\n<p>58. UBS Borboleta<\/p>\n<p>59. UBS S\u00e3o Benedito<\/p>\n<p>60. UBS S\u00e3o Pedro<\/p>\n<p>61. UBS Grama<\/p>\n<p>&nbsp;<\/p>\n<p><strong>UBSs que vacinam crian\u00e7as de 5 a menores de 12 anos de 8h \u00e0s 10h30 e de 13h \u00e0s 16h (quintas, de 8h \u00e0s 10h30 e de 13h \u00e0s 14h30):<\/strong><br \/>\n1. UBS Benfica<\/p>\n<p>2. UBS Monte Castelo<\/p>\n<p>3. UBS Milho Branco<\/p>\n<p>4. UBS Nova Era<\/p>\n<p>5. UBS Nossa Senhora Aparecida<\/p>\n<p>6. UBS Santa Cruz<\/p>\n<p>7. UBS Marumbi<\/p>\n<p>8. UBS Progresso<\/p>\n<p>9. UBS Nossa Senhora das Gra\u00e7as<\/p>\n<p>10. UBS Bandeirantes<\/p>\n<p>11. UBS Linhares<\/p>\n<p>12. UBS Santa Luzia<\/p>\n<p>13. UBS Santa Cec\u00edlia<\/p>\n<p>14. UBS Centro Sul<\/p>\n<p>15. UBS Teixeiras<\/p>\n<p>16. UBS Santos Dumont<\/p>\n<p>17. UBS Santo Ant\u00f4nio<\/p>\n<p>18. UBS Retiro<\/p>\n<p>19. UBS Vila Ideal (13h \u00e0s 14h30 &#8211; exceto \u00e0s quintas)<\/p>\n<p>20. UBS Nossa Senhora de Lourdes<\/p>\n<p>21. UBS S\u00e3o Sebasti\u00e3o<\/p>\n<p>22. UBS S\u00e3o Pedro<\/p>\n<p>23. UBS Grama<\/p>\n","protected":false},"excerpt":{"rendered":"<p>Segundo informa\u00e7\u00f5es do site da Prefeitura de Juiz de Fora (PJF), com a\u00a0aplica\u00e7\u00e3o da vacina bivalente contra a Covid-19 em pessoas com 60 anos ou mais de idade ou de imunossuprimidos com 30 anos ou mais,\u00a0a\u00a0Prefeitura de Juiz de Fora (PJF) continua a campanha de imuniza\u00e7\u00e3o contra a Covid-19 no munic\u00edpio na quarta-feira, 15 de [&hellip;]<\/p>\n","protected":false},"author":246,"featured_media":211403,"comment_status":"closed","ping_status":"closed","sticky":false,"template":"","format":"standard","meta":{"footnotes":""},"categories":[253,436,440,439],"tags":[],"class_list":["post-211402","post","type-post","status-publish","format-standard","has-post-thumbnail","hentry","category-cidade","category-destaque-da-semana","category-destaques-do-dia","category-ultima-hora"],"_links":{"self":[{"href":"https:\/\/diarioregionaldigital.com.br\/index.php?rest_route=\/wp\/v2\/posts\/211402","targetHints":{"allow":["GET"]}}],"collection":[{"href":"https:\/\/diarioregionaldigital.com.br\/index.php?rest_route=\/wp\/v2\/posts"}],"about":[{"href":"https:\/\/diarioregionaldigital.com.br\/index.php?rest_route=\/wp\/v2\/types\/post"}],"author":[{"embeddable":true,"href":"https:\/\/diarioregionaldigital.com.br\/index.php?rest_route=\/wp\/v2\/users\/246"}],"replies":[{"embeddable":true,"href":"https:\/\/diarioregionaldigital.com.br\/index.php?rest_route=%2Fwp%2Fv2%2Fcomments&post=211402"}],"version-history":[{"count":1,"href":"https:\/\/diarioregionaldigital.com.br\/index.php?rest_route=\/wp\/v2\/posts\/211402\/revisions"}],"predecessor-version":[{"id":211404,"href":"https:\/\/diarioregionaldigital.com.br\/index.php?rest_route=\/wp\/v2\/posts\/211402\/revisions\/211404"}],"wp:featuredmedia":[{"embeddable":true,"href":"https:\/\/diarioregionaldigital.com.br\/index.php?rest_route=\/wp\/v2\/media\/211403"}],"wp:attachment":[{"href":"https:\/\/diarioregionaldigital.com.br\/index.php?rest_route=%2Fwp%2Fv2%2Fmedia&parent=211402"}],"wp:term":[{"taxonomy":"category","embeddable":true,"href":"https:\/\/diarioregionaldigital.com.br\/index.php?rest_route=%2Fwp%2Fv2%2Fcategories&post=211402"},{"taxonomy":"post_tag","embeddable":true,"href":"https:\/\/diarioregionaldigital.com.br\/index.php?rest_route=%2Fwp%2Fv2%2Ftags&post=211402"}],"curies":[{"name":"wp","href":"https:\/\/api.w.org\/{rel}","templated":true}]}}