{"id":211383,"date":"2023-03-14T22:04:14","date_gmt":"2023-03-15T01:04:14","guid":{"rendered":"https:\/\/diarioregionaldigital.com.br\/?p=211383"},"modified":"2023-03-14T22:04:14","modified_gmt":"2023-03-15T01:04:14","slug":"presidente-pede-unidade-de-ministros-em-anuncios-do-governo","status":"publish","type":"post","link":"https:\/\/diarioregionaldigital.com.br\/?p=211383","title":{"rendered":"Presidente pede unidade de ministros em an\u00fancios do governo"},"content":{"rendered":"<p>O presidente Luiz In\u00e1cio Lula da Silva determinou a seus ministros que n\u00e3o anunciem publicamente qualquer projeto ou pol\u00edtica p\u00fablica, sem antes passar pela Casa Civil, pasta ligada \u00e0 Presid\u00eancia sob comando do ministro Rui Costa. Para Lula, a unidade e coes\u00e3o do governo depende de transformar propostas de cada pasta, em propostas de governo.<img decoding=\"async\" src=\"https:\/\/agenciabrasil.ebc.com.br\/ebc.png?id=1516100&amp;o=node\" \/><img decoding=\"async\" src=\"https:\/\/agenciabrasil.ebc.com.br\/ebc.gif?id=1516100&amp;o=node\" \/><\/p>\n<p>\u201cToda e qualquer posi\u00e7\u00e3o, qualquer genialidade que algu\u00e9m possa ter, \u00e9 importante que antes de anunciar fa\u00e7a uma reuni\u00e3o com a Casa Civil para que ela discuta com a Presid\u00eancia da Rep\u00fablica para que a gente possa chamar o autor da genialidade e a gente, ent\u00e3o, anuncie publicamente como se fosse coisa de governo, que esteja de acordo os outros ministros, a Fazenda e o Planejamento. Porque, assim, a gente cria condi\u00e7\u00f5es motivadoras de todo mundo concordar com a pol\u00edtica que foi anunciada\u201d, disse.<\/p>\n<p>Nesta ter\u00e7a-feira (14), Lula comandou a segunda reuni\u00e3o ampliada com ministros, dessa vez da \u00e1rea social, como Sa\u00fade, Mulheres e Previd\u00eancia Social. Ainda nesta semana, o presidente deve reunir os ministros da \u00e1rea produtiva, como Agricultura, Desenvolvimento Agr\u00e1rio e Ind\u00fastria e Com\u00e9rcio.<\/p>\n<p>Na semana passada, o presidente\u00a0<a href=\"https:\/\/agenciabrasil.ebc.com.br\/economia\/noticia\/2023-03\/governo-federal-passara-fazer-investimento-direto-por-ppp\" target=\"_blank\" rel=\"noopener\">reuniu os ministros da \u00e1rea de infraestrutura<\/a>\u00a0para discutir o novo plano de investimentos do governo federal, em substitui\u00e7\u00e3o ao Programa de Acelera\u00e7\u00e3o do Crescimento (PAC). Al\u00e9m disso, o objetivo do encontro \u00e9 que cada pasta apresente os planos para os primeiros 100 dias de governo, para 2023 e para os pr\u00f3ximos anos.<\/p>\n<p>\u201cQueria que voc\u00eas tivessem certeza que, do ponto de vista da Presid\u00eancia da Rep\u00fablica e da Casa Civil, voc\u00eas ter\u00e3o todo o apoio, combinando com [o ministro da Fazenda, Fernando] Haddad e [a ministra do Planejamento e Or\u00e7amento] Simone [Tebet], que s\u00e3o as pessoas que cuidam do caixa do governo, para que a gente n\u00e3o erre, n\u00e3o prometa aquilo que n\u00e3o pode cumprir, para que fa\u00e7a apenas aquilo que est\u00e1 dentro das nossas possibilidade. E se tiver que arriscar alguma coisa, a gente arriscar com vi\u00e9s de acerto acima de 80%, porque a gente n\u00e3o pode correr risco de anunciar coisa que n\u00e3o vai acontecer\u201d, argumentou Lula.<\/p>\n<h2>Novas escolas<\/h2>\n<p>O presidente destacou que, na educa\u00e7\u00e3o, por exemplo, j\u00e1 h\u00e1 avan\u00e7os, como o an\u00fancio do\u00a0<a href=\"https:\/\/agenciabrasil.ebc.com.br\/geral\/noticia\/2023-03\/aumento-nos-repasses-da-merenda-escolar-chega-39\" target=\"_blank\" rel=\"noopener\">aumento de at\u00e9 39% no valor repassado<\/a>\u00a0pelo governo federal para estados e munic\u00edpios custearem a merenda escolar na rede p\u00fablica de ensino. A estimativa do governo \u00e9 de investir R$ 5,5 bilh\u00f5es no Programa Nacional de Alimenta\u00e7\u00e3o Escolar (Pnae) neste ano, um aumento de cerca de R$ 1,5 bilh\u00e3o em rela\u00e7\u00e3o ao or\u00e7amento anterior.<\/p>\n<p>Em breve, Lula espera anunciar o programa de escola em tempo integral. Segundo ele, entretanto, ainda \u00e9 preciso modular o novo modelo de escola p\u00fablica, ampliar os espa\u00e7os e melhorar a infraestrutura das escolas.<\/p>\n<p>\u201cAs atuais escolas p\u00fablicas s\u00e3o quase como caixote, tem pouco espa\u00e7o para fazer uma escola de qualidade e colocar escola de tempo integral. Se voc\u00ea quer cultura, esporte, lazer precisa ter um pouco mais de espa\u00e7o nas escolas e o padr\u00e3o, em muitos estados e cidades, n\u00e3o d\u00e1 para fazer a escola de tempo integral. Vi uma na Bahia que parece mais um parque ol\u00edmpico do que escola. Ou seja: acho que o povo merece essas coisas de qualidade. Ela vai custar um pouco mais caro, do ponto de vista econ\u00f4mico, mas vai ser mais barato do ponto de vista do lucro que vamos ter com o aprendizado da meninada, com a qualidade de educa\u00e7\u00e3o que eles v\u00e3o ter.\u201d<\/p>\n<h2>Bolsa Fam\u00edlia<\/h2>\n<p>Al\u00e9m disso, o presidente reafirmou a necessidade de aprimoramento do Cadastro \u00danico, para definir as pessoas que t\u00eam direito a receber o Bolsa Fam\u00edlia. O cadastro \u00e9 uma ferramenta conduzida no \u00e2mbito do Sistema \u00danico de Assist\u00eancia Social (Suas) e funciona como porta de entrada para mais de 30 programas do governo federal, entre eles o Bolsa Fam\u00edlia.<\/p>\n<p>\u201cO cadastro ter\u00e1 que ser o padr\u00e3o que vai definir a seriedade desse programa\u201d, disse Lula. O governo\u00a0<a href=\"https:\/\/agenciabrasil.ebc.com.br\/economia\/noticia\/2023-02\/governo-revisara-dados-de-beneficiarios-que-declaram-morar-sozinhos\" target=\"_blank\" rel=\"noopener\">est\u00e1 adotando a\u00e7\u00f5es de revis\u00e3o cadastral<\/a>\u00a0com base na composi\u00e7\u00e3o e renda familiar, al\u00e9m de busca ativa por pessoas em situa\u00e7\u00e3o de vulnerabilidade social, em parceria com as prefeituras.<\/p>\n<p><span style=\"font-weight: 400;\"><br \/>\n<\/span><span style=\"font-weight: 400;\">Fonte: Ag\u00eancia Brasil <\/span><\/p>\n","protected":false},"excerpt":{"rendered":"<p>O presidente Luiz In\u00e1cio Lula da Silva determinou a seus ministros que n\u00e3o anunciem publicamente qualquer projeto ou pol\u00edtica p\u00fablica, sem antes passar pela Casa Civil, pasta ligada \u00e0 Presid\u00eancia sob comando do ministro Rui Costa. Para Lula, a unidade e coes\u00e3o do governo depende de transformar propostas de cada pasta, em propostas de governo. [&hellip;]<\/p>\n","protected":false},"author":246,"featured_media":211384,"comment_status":"closed","ping_status":"closed","sticky":false,"template":"","format":"standard","meta":{"footnotes":""},"categories":[436,254,439],"tags":[],"class_list":["post-211383","post","type-post","status-publish","format-standard","has-post-thumbnail","hentry","category-destaque-da-semana","category-politica","category-ultima-hora"],"_links":{"self":[{"href":"https:\/\/diarioregionaldigital.com.br\/index.php?rest_route=\/wp\/v2\/posts\/211383","targetHints":{"allow":["GET"]}}],"collection":[{"href":"https:\/\/diarioregionaldigital.com.br\/index.php?rest_route=\/wp\/v2\/posts"}],"about":[{"href":"https:\/\/diarioregionaldigital.com.br\/index.php?rest_route=\/wp\/v2\/types\/post"}],"author":[{"embeddable":true,"href":"https:\/\/diarioregionaldigital.com.br\/index.php?rest_route=\/wp\/v2\/users\/246"}],"replies":[{"embeddable":true,"href":"https:\/\/diarioregionaldigital.com.br\/index.php?rest_route=%2Fwp%2Fv2%2Fcomments&post=211383"}],"version-history":[{"count":1,"href":"https:\/\/diarioregionaldigital.com.br\/index.php?rest_route=\/wp\/v2\/posts\/211383\/revisions"}],"predecessor-version":[{"id":211385,"href":"https:\/\/diarioregionaldigital.com.br\/index.php?rest_route=\/wp\/v2\/posts\/211383\/revisions\/211385"}],"wp:featuredmedia":[{"embeddable":true,"href":"https:\/\/diarioregionaldigital.com.br\/index.php?rest_route=\/wp\/v2\/media\/211384"}],"wp:attachment":[{"href":"https:\/\/diarioregionaldigital.com.br\/index.php?rest_route=%2Fwp%2Fv2%2Fmedia&parent=211383"}],"wp:term":[{"taxonomy":"category","embeddable":true,"href":"https:\/\/diarioregionaldigital.com.br\/index.php?rest_route=%2Fwp%2Fv2%2Fcategories&post=211383"},{"taxonomy":"post_tag","embeddable":true,"href":"https:\/\/diarioregionaldigital.com.br\/index.php?rest_route=%2Fwp%2Fv2%2Ftags&post=211383"}],"curies":[{"name":"wp","href":"https:\/\/api.w.org\/{rel}","templated":true}]}}