{"id":211380,"date":"2023-03-14T21:57:30","date_gmt":"2023-03-15T00:57:30","guid":{"rendered":"https:\/\/diarioregionaldigital.com.br\/?p=211380"},"modified":"2023-03-14T21:57:30","modified_gmt":"2023-03-15T00:57:30","slug":"senado-ouve-presidente-do-bc-sobre-selic-em-4-de-abril","status":"publish","type":"post","link":"https:\/\/diarioregionaldigital.com.br\/?p=211380","title":{"rendered":"Senado ouve presidente do BC sobre Selic em 4 de abril"},"content":{"rendered":"<p>Em meio \u00e0s cr\u00edticas de integrantes do governo do presidente Luiz In\u00e1cio Lula da Silva \u00e0 taxa b\u00e1sica de Juros, a Selic, atualmente em 13,75% ao ano, a Comiss\u00e3o de Assuntos Econ\u00f4micos do Senado (CAE) aprovou, nesta ter\u00e7a-feira feira (14), um convite para ouvir o presidente do Banco Central, Roberto Campos Neto, sobre o assunto. A pedido da assessoria do Banco Central, a audi\u00eancia foi marcada para o dia 4 de abril.<img decoding=\"async\" src=\"https:\/\/agenciabrasil.ebc.com.br\/ebc.png?id=1516103&amp;o=node\" \/><img decoding=\"async\" src=\"https:\/\/agenciabrasil.ebc.com.br\/ebc.gif?id=1516103&amp;o=node\" \/><\/p>\n<p>Em outra frente, a CAE tamb\u00e9m aprovou um requerimento para que ex-integrantes das Lojas Americanas prestem esclarecimentos sobre as d\u00edvidas da empresa, estimada em R$ 43 bilh\u00f5es, e que resultou no pedido de recupera\u00e7\u00e3o judicial da empresa. Entre os convidados est\u00e3o os ex-diretores das Americanas Miguel Gomes Pereira Sarmiento Gutierrez, Anna Christina Ramos Saicali, Jos\u00e9 Timotheo de Barros e Marcio Cruz Merelles e o ex-CEO da empresa Sergio Rial.<\/p>\n<p>Tamb\u00e9m foram convidados para participar da audi\u00eancia, marcada para o dia 28 de mar\u00e7o, o presidente da Federa\u00e7\u00e3o Brasileira dos Bancos (Febraban), Isaac Sidney Menezes Ferreira, e o presidente da Comiss\u00e3o de Valores Mobili\u00e1rios (CVM), Jo\u00e3o Pedro Nascimento.<\/p>\n<p>Por se tratar de convite, nenhum deles \u00e9 obrigado a comparecer.<\/p>\n<h2>Ministros<\/h2>\n<p>Como \u00e9 tradicional em todo in\u00edcio de Legislatura, tamb\u00e9m nesta ter\u00e7a-feira a Comiss\u00e3o de Infraestrutura aprovou convites para ouvir v\u00e1rios ministros sobre programas de suas pastas. O ministro das Comunica\u00e7\u00f5es, Juscelino Filho, dever\u00e1 falar sobre a previs\u00e3o de cobertura de telefonia celular e internet 5G no pa\u00eds. Simone Tebet, ministra do Planejamento e Or\u00e7amento, da estrutura b\u00e1sica das cidades. Luciana Santos, ministra da Ci\u00eancia, Tecnologia e Inova\u00e7\u00e3o, da infraestrutura tecnol\u00f3gica do pa\u00eds. J\u00e1 M\u00e1rcio Fran\u00e7a, dos Portos e Aeroportos, e Renan Filho, do Trabalho, v\u00e3o tratar das a\u00e7\u00f5es de suas pastas nos pr\u00f3ximos dois anos.<\/p>\n<p>A Comiss\u00e3o de Desenvolvimento Regional (CDR) tamb\u00e9m aprovou convites para ouvir ministros. O colegiado aprovou requerimentos para saber os planos para os pr\u00f3ximos dois anos de Daniela Carneiro, do Turismo; Jader Filho, das Cidades, e Waldez G\u00f3es, da Integra\u00e7\u00e3o e Desenvolvimento Regional.<\/p>\n<p>As datas de comparecimento das autoridades nas comiss\u00f5es de Infraestrutura e Desenvolvimento Regional ainda n\u00e3o foram definidas.<\/p>\n<p><span style=\"font-weight: 400;\"><br \/>\n<\/span><span style=\"font-weight: 400;\">Fonte: Ag\u00eancia Brasil <\/span><\/p>\n","protected":false},"excerpt":{"rendered":"<p>Em meio \u00e0s cr\u00edticas de integrantes do governo do presidente Luiz In\u00e1cio Lula da Silva \u00e0 taxa b\u00e1sica de Juros, a Selic, atualmente em 13,75% ao ano, a Comiss\u00e3o de Assuntos Econ\u00f4micos do Senado (CAE) aprovou, nesta ter\u00e7a-feira feira (14), um convite para ouvir o presidente do Banco Central, Roberto Campos Neto, sobre o assunto. [&hellip;]<\/p>\n","protected":false},"author":246,"featured_media":211381,"comment_status":"closed","ping_status":"closed","sticky":false,"template":"","format":"standard","meta":{"footnotes":""},"categories":[436,254,439],"tags":[],"class_list":["post-211380","post","type-post","status-publish","format-standard","has-post-thumbnail","hentry","category-destaque-da-semana","category-politica","category-ultima-hora"],"_links":{"self":[{"href":"https:\/\/diarioregionaldigital.com.br\/index.php?rest_route=\/wp\/v2\/posts\/211380","targetHints":{"allow":["GET"]}}],"collection":[{"href":"https:\/\/diarioregionaldigital.com.br\/index.php?rest_route=\/wp\/v2\/posts"}],"about":[{"href":"https:\/\/diarioregionaldigital.com.br\/index.php?rest_route=\/wp\/v2\/types\/post"}],"author":[{"embeddable":true,"href":"https:\/\/diarioregionaldigital.com.br\/index.php?rest_route=\/wp\/v2\/users\/246"}],"replies":[{"embeddable":true,"href":"https:\/\/diarioregionaldigital.com.br\/index.php?rest_route=%2Fwp%2Fv2%2Fcomments&post=211380"}],"version-history":[{"count":1,"href":"https:\/\/diarioregionaldigital.com.br\/index.php?rest_route=\/wp\/v2\/posts\/211380\/revisions"}],"predecessor-version":[{"id":211382,"href":"https:\/\/diarioregionaldigital.com.br\/index.php?rest_route=\/wp\/v2\/posts\/211380\/revisions\/211382"}],"wp:featuredmedia":[{"embeddable":true,"href":"https:\/\/diarioregionaldigital.com.br\/index.php?rest_route=\/wp\/v2\/media\/211381"}],"wp:attachment":[{"href":"https:\/\/diarioregionaldigital.com.br\/index.php?rest_route=%2Fwp%2Fv2%2Fmedia&parent=211380"}],"wp:term":[{"taxonomy":"category","embeddable":true,"href":"https:\/\/diarioregionaldigital.com.br\/index.php?rest_route=%2Fwp%2Fv2%2Fcategories&post=211380"},{"taxonomy":"post_tag","embeddable":true,"href":"https:\/\/diarioregionaldigital.com.br\/index.php?rest_route=%2Fwp%2Fv2%2Ftags&post=211380"}],"curies":[{"name":"wp","href":"https:\/\/api.w.org\/{rel}","templated":true}]}}