{"id":211305,"date":"2023-03-13T20:55:17","date_gmt":"2023-03-13T23:55:17","guid":{"rendered":"https:\/\/diarioregionaldigital.com.br\/?p=211305"},"modified":"2023-03-13T20:55:17","modified_gmt":"2023-03-13T23:55:17","slug":"novo-arcabouco-fiscal-considerara-superavit-e-divida-diz-alckmin","status":"publish","type":"post","link":"https:\/\/diarioregionaldigital.com.br\/?p=211305","title":{"rendered":"Novo arcabou\u00e7o fiscal considerar\u00e1 super\u00e1vit e d\u00edvida, diz Alckmin"},"content":{"rendered":"<p>O ministro do Desenvolvimento, Ind\u00fastria, Com\u00e9rcio e Servi\u00e7os\u00a0e vice-presidente da Rep\u00fablica, Geraldo Alckmin, disse hoje (13) que o novo arcabou\u00e7o fiscal, elaborado pelo governo federal para substituir o teto de gastos, dever\u00e1 estipular um limite de gastos associado ao super\u00e1vit fiscal e \u00e0\u00a0evolu\u00e7\u00e3o da d\u00edvida p\u00fablica.<img decoding=\"async\" src=\"https:\/\/agenciabrasil.ebc.com.br\/ebc.png?id=1516009&amp;o=node\" \/><img decoding=\"async\" src=\"https:\/\/agenciabrasil.ebc.com.br\/ebc.gif?id=1516009&amp;o=node\" \/><\/p>\n<p>De acordo com o ministro, a nova regra dever\u00e1 ser encaminhada em at\u00e9 dois meses ao Congresso Nacional. Segundo Alckmin, uma reuni\u00e3o com o ministro da Fazenda, Fernando Haddad, est\u00e1 agendada nos pr\u00f3ximos dias para debater a quest\u00e3o.<\/p>\n<p>\u201c[O novo arcabou\u00e7o] deve ser votado em lei complementar, que deve estar sendo encaminhada nos pr\u00f3ximos 30, 60 dias para o Congresso Nacional. Ela dever\u00e1 levar em conta o limite de gastos, dever\u00e1 levar em conta a curva da d\u00edvida, evolu\u00e7\u00e3o da d\u00edvida, e a quest\u00e3o do super\u00e1vit. \u00c9 uma combina\u00e7\u00e3o de v\u00e1rios fatores. Vamos aguardar que o ministro da Fazenda, depois da aprova\u00e7\u00e3o do presidente Lula, deve anunciar\u201d, disse.<\/p>\n<h2>Mal da vaca louca<\/h2>\n<p>O ministro afirmou que aguarda o sinal verde da China para o Brasil voltar a exportar carne bovina ao pa\u00eds asi\u00e1tico. De acordo com Alckmin, \u201c\u00e9 quest\u00e3o de dias\u201d a retomada do envio do produto aos chineses. As exporta\u00e7\u00f5es brasileiras de carne bovina \u00e0 China foram suspensas ap\u00f3s a descoberta de um caso de mal vaca louca em um animal no Par\u00e1, no final de fevereiro. Exames mostraram, no entanto, que o caso \u00e9 at\u00edpico, quando o bovino desenvolve a doen\u00e7a de forma natural, em raz\u00e3o da idade, e n\u00e3o por contamina\u00e7\u00e3o.<\/p>\n<p>\u201cA bola est\u00e1 com a China. Foi comprovado que esse caso n\u00e3o \u00e9 cl\u00e1ssico, \u00e9 um caso at\u00edpico por animal idoso. Ent\u00e3o n\u00f3s estamos aguardando, acho que \u00e9 quest\u00e3o de dias para que seja liberado. E \u00e9 importante, porque mais de 50% da exporta\u00e7\u00e3o da carne brasileira \u00e9 para a China\u201d, disse.<\/p>\n<p>As declara\u00e7\u00f5es de Alckmin foram dadas, na capital paulista, em evento da Ag\u00eancia Brasileira de Promo\u00e7\u00e3o de Exporta\u00e7\u00f5es e Investimentos (ApexBrasil).<\/p>\n<p><span style=\"font-weight: 400;\">Fonte: Ag\u00eancia Brasil <\/span><\/p>\n","protected":false},"excerpt":{"rendered":"<p>O ministro do Desenvolvimento, Ind\u00fastria, Com\u00e9rcio e Servi\u00e7os\u00a0e vice-presidente da Rep\u00fablica, Geraldo Alckmin, disse hoje (13) que o novo arcabou\u00e7o fiscal, elaborado pelo governo federal para substituir o teto de gastos, dever\u00e1 estipular um limite de gastos associado ao super\u00e1vit fiscal e \u00e0\u00a0evolu\u00e7\u00e3o da d\u00edvida p\u00fablica. De acordo com o ministro, a nova regra dever\u00e1 [&hellip;]<\/p>\n","protected":false},"author":246,"featured_media":211306,"comment_status":"closed","ping_status":"closed","sticky":false,"template":"","format":"standard","meta":{"footnotes":""},"categories":[436,440,261,439],"tags":[],"class_list":["post-211305","post","type-post","status-publish","format-standard","has-post-thumbnail","hentry","category-destaque-da-semana","category-destaques-do-dia","category-economia","category-ultima-hora"],"_links":{"self":[{"href":"https:\/\/diarioregionaldigital.com.br\/index.php?rest_route=\/wp\/v2\/posts\/211305","targetHints":{"allow":["GET"]}}],"collection":[{"href":"https:\/\/diarioregionaldigital.com.br\/index.php?rest_route=\/wp\/v2\/posts"}],"about":[{"href":"https:\/\/diarioregionaldigital.com.br\/index.php?rest_route=\/wp\/v2\/types\/post"}],"author":[{"embeddable":true,"href":"https:\/\/diarioregionaldigital.com.br\/index.php?rest_route=\/wp\/v2\/users\/246"}],"replies":[{"embeddable":true,"href":"https:\/\/diarioregionaldigital.com.br\/index.php?rest_route=%2Fwp%2Fv2%2Fcomments&post=211305"}],"version-history":[{"count":1,"href":"https:\/\/diarioregionaldigital.com.br\/index.php?rest_route=\/wp\/v2\/posts\/211305\/revisions"}],"predecessor-version":[{"id":211307,"href":"https:\/\/diarioregionaldigital.com.br\/index.php?rest_route=\/wp\/v2\/posts\/211305\/revisions\/211307"}],"wp:featuredmedia":[{"embeddable":true,"href":"https:\/\/diarioregionaldigital.com.br\/index.php?rest_route=\/wp\/v2\/media\/211306"}],"wp:attachment":[{"href":"https:\/\/diarioregionaldigital.com.br\/index.php?rest_route=%2Fwp%2Fv2%2Fmedia&parent=211305"}],"wp:term":[{"taxonomy":"category","embeddable":true,"href":"https:\/\/diarioregionaldigital.com.br\/index.php?rest_route=%2Fwp%2Fv2%2Fcategories&post=211305"},{"taxonomy":"post_tag","embeddable":true,"href":"https:\/\/diarioregionaldigital.com.br\/index.php?rest_route=%2Fwp%2Fv2%2Ftags&post=211305"}],"curies":[{"name":"wp","href":"https:\/\/api.w.org\/{rel}","templated":true}]}}