{"id":211291,"date":"2023-03-11T01:45:41","date_gmt":"2023-03-11T04:45:41","guid":{"rendered":"https:\/\/diarioregionaldigital.com.br\/?p=211291"},"modified":"2023-03-11T01:45:41","modified_gmt":"2023-03-11T04:45:41","slug":"prefeitura-amplia-atendimento-da-linha-zona-norte-ufjf","status":"publish","type":"post","link":"https:\/\/diarioregionaldigital.com.br\/?p=211291","title":{"rendered":"Prefeitura amplia atendimento da linha Zona Norte\/UFJF"},"content":{"rendered":"<p>Segundo informa\u00e7\u00f5es do site da Prefeitura de Juiz de Fora (PJF), a partir desta segunda-feira, 13, a Prefeitura de Juiz de Fora (PJF) vai ofertar mais um carro extra durante os dias \u00fateis e estender o itiner\u00e1rio da linha 755 (Zona Norte\/UFJF). Al\u00e9m disso, todo o quadro de hor\u00e1rio foi remodelado para evitar atrasos de chegada na UFJF, atendendo a solicita\u00e7\u00e3o dos usu\u00e1rios.<\/p>\n<p>A extens\u00e3o do itiner\u00e1rio ser\u00e1\u00a0no seguinte trecho no sentido Zona Norte\/UFJF: &#8230;,Rua Martins Barbosa, Av. Pedro Timponi at\u00e9 a Pra\u00e7a e retorna, Rua Henrique Dias, Av. Pedro Timponi, Rua Martins Barbosa,&#8230;<\/p>\n<p>A partir deste s\u00e1bado, 11, o novo quadro de hor\u00e1rio de itiner\u00e1rio j\u00e1 pode ser conferido no Portal da PJF.<\/p>\n","protected":false},"excerpt":{"rendered":"<p>Segundo informa\u00e7\u00f5es do site da Prefeitura de Juiz de Fora (PJF), a partir desta segunda-feira, 13, a Prefeitura de Juiz de Fora (PJF) vai ofertar mais um carro extra durante os dias \u00fateis e estender o itiner\u00e1rio da linha 755 (Zona Norte\/UFJF). Al\u00e9m disso, todo o quadro de hor\u00e1rio foi remodelado para evitar atrasos de [&hellip;]<\/p>\n","protected":false},"author":246,"featured_media":211292,"comment_status":"closed","ping_status":"closed","sticky":false,"template":"","format":"standard","meta":{"footnotes":""},"categories":[253,436,439],"tags":[],"class_list":["post-211291","post","type-post","status-publish","format-standard","has-post-thumbnail","hentry","category-cidade","category-destaque-da-semana","category-ultima-hora"],"_links":{"self":[{"href":"https:\/\/diarioregionaldigital.com.br\/index.php?rest_route=\/wp\/v2\/posts\/211291","targetHints":{"allow":["GET"]}}],"collection":[{"href":"https:\/\/diarioregionaldigital.com.br\/index.php?rest_route=\/wp\/v2\/posts"}],"about":[{"href":"https:\/\/diarioregionaldigital.com.br\/index.php?rest_route=\/wp\/v2\/types\/post"}],"author":[{"embeddable":true,"href":"https:\/\/diarioregionaldigital.com.br\/index.php?rest_route=\/wp\/v2\/users\/246"}],"replies":[{"embeddable":true,"href":"https:\/\/diarioregionaldigital.com.br\/index.php?rest_route=%2Fwp%2Fv2%2Fcomments&post=211291"}],"version-history":[{"count":1,"href":"https:\/\/diarioregionaldigital.com.br\/index.php?rest_route=\/wp\/v2\/posts\/211291\/revisions"}],"predecessor-version":[{"id":211293,"href":"https:\/\/diarioregionaldigital.com.br\/index.php?rest_route=\/wp\/v2\/posts\/211291\/revisions\/211293"}],"wp:featuredmedia":[{"embeddable":true,"href":"https:\/\/diarioregionaldigital.com.br\/index.php?rest_route=\/wp\/v2\/media\/211292"}],"wp:attachment":[{"href":"https:\/\/diarioregionaldigital.com.br\/index.php?rest_route=%2Fwp%2Fv2%2Fmedia&parent=211291"}],"wp:term":[{"taxonomy":"category","embeddable":true,"href":"https:\/\/diarioregionaldigital.com.br\/index.php?rest_route=%2Fwp%2Fv2%2Fcategories&post=211291"},{"taxonomy":"post_tag","embeddable":true,"href":"https:\/\/diarioregionaldigital.com.br\/index.php?rest_route=%2Fwp%2Fv2%2Ftags&post=211291"}],"curies":[{"name":"wp","href":"https:\/\/api.w.org\/{rel}","templated":true}]}}