{"id":211285,"date":"2023-03-11T01:42:12","date_gmt":"2023-03-11T04:42:12","guid":{"rendered":"https:\/\/diarioregionaldigital.com.br\/?p=211285"},"modified":"2023-03-11T01:42:12","modified_gmt":"2023-03-11T04:42:12","slug":"smu-disponibiliza-onibus-extras-para-evento-do-mes-da-mulher-no-parque-municipal-neste-domingo-12","status":"publish","type":"post","link":"https:\/\/diarioregionaldigital.com.br\/?p=211285","title":{"rendered":"SMU disponibiliza \u00f4nibus extras para evento do M\u00eas da Mulher no Parque Municipal neste domingo, 12"},"content":{"rendered":"<p>Segundo informa\u00e7\u00f5es do site da Prefeitura de Juiz de Fora (PJF), para facilitar o acesso da popula\u00e7\u00e3o ao evento \u201cMulheres no Parque\u201d, que ser\u00e1 realizado neste domingo, 12, no Parque Municipal, na Rua do Contorno 8, Nova Calif\u00f3rnia, das 9h \u00e0s 14h, em comemora\u00e7\u00e3o ao M\u00eas da Mulher, a Secretaria de Mobilidade Urbana (SMU) da Prefeitura de Juiz de Fora (PJF) montou um esquema especial de \u00f4nibus extra para atender aos participantes. As sa\u00eddas do Centro acontecem no intervalo de 20 em 20 minutos, sendo o primeiro hor\u00e1rio da linha 580 (Parque Municipal) disponibilizado \u00e0s 8h e o \u00faltimo \u00e0s 11h40, com sa\u00edda em frente ao Procon, na Avenida Itamar Franco 992, Centro.<\/p>\n<div id=\"box_texto_noticia\">\n<p>No hor\u00e1rio de t\u00e9rmino do evento, os \u00f4nibus partem do Parque Municipal em dire\u00e7\u00e3o ao Centro a partir de 14h10, com intervalo de cinco em cinco minutos at\u00e9 \u00e0s 14h55. No total, ser\u00e3o dez ve\u00edculos extras. O valor da tarifa \u00e9 de R$ 3,75 para cada trecho.<\/p>\n<p><strong>Confira abaixo o itiner\u00e1rio da linha:<\/p>\n<p>&#8211; Linha 580 (Parque Municipal)<\/p>\n<p>Sentido Centro\/Parque Municipal<\/strong>: Av. Itamar Franco, 992 (em frente ao Procon), Av. Eug\u00eanio do Nascimento, Rua Liduino Vieira dos Reis, Rua Dr. Fernando Cyrne, Rua Prof. Vilas Bou\u00e7adas, Rua Jos\u00e9 Vict\u00f3rio Castegliani, Rua Ac\u00e1cio Alves Alvim, Rua Ot\u00edlia de Souza Leal (Parque Municipal).<\/p>\n<p><strong>Sentido Parque Municipal\/Centro<\/strong>: Rua Ot\u00edlia de Souza Leal (Parque Municipal), Alameda dos Ip\u00eas, Rua Nestor Vasconcelos Neto, Alameda dos Manac\u00e1s, Rua Florian\u00f3polis, Rua Cuiab\u00e1, Rua Macei\u00f3, Rua Porto Alegre, Rua Pet\u00fanias, Rua das Margaridas, Rua dos Pinheirais, Rua da Hort\u00eancia, Rua das Margaridas, Rua das Rosas, Rua Ac\u00e1cio Alves Alvim, Rua Jos\u00e9 Vict\u00f3rio Castegliani, Rua Prof. Vilas Bou\u00e7adas, Rua Dr. Fernando Cyrne, Rua Liduino Vieira dos Reis, Av. Eug\u00eanio do Nascimento, Av. Itamar Franco, Av. Brasil (margem direita), Ponte Nelson Silva, Av. Brasil (margem esquerda), Ponte Ant\u00f4nio Carlos, Av. Pres. Itamar Franco, 992 (em frente ao Col\u00e9gio Stella Matutina).<\/p>\n<\/div>\n<p>&nbsp;<\/p>\n<div id=\"box_compartilhar\" align=\"right\"><\/div>\n","protected":false},"excerpt":{"rendered":"<p>Segundo informa\u00e7\u00f5es do site da Prefeitura de Juiz de Fora (PJF), para facilitar o acesso da popula\u00e7\u00e3o ao evento \u201cMulheres no Parque\u201d, que ser\u00e1 realizado neste domingo, 12, no Parque Municipal, na Rua do Contorno 8, Nova Calif\u00f3rnia, das 9h \u00e0s 14h, em comemora\u00e7\u00e3o ao M\u00eas da Mulher, a Secretaria de Mobilidade Urbana (SMU) da [&hellip;]<\/p>\n","protected":false},"author":246,"featured_media":211286,"comment_status":"closed","ping_status":"closed","sticky":false,"template":"","format":"standard","meta":{"footnotes":""},"categories":[253,436,439],"tags":[],"class_list":["post-211285","post","type-post","status-publish","format-standard","has-post-thumbnail","hentry","category-cidade","category-destaque-da-semana","category-ultima-hora"],"_links":{"self":[{"href":"https:\/\/diarioregionaldigital.com.br\/index.php?rest_route=\/wp\/v2\/posts\/211285","targetHints":{"allow":["GET"]}}],"collection":[{"href":"https:\/\/diarioregionaldigital.com.br\/index.php?rest_route=\/wp\/v2\/posts"}],"about":[{"href":"https:\/\/diarioregionaldigital.com.br\/index.php?rest_route=\/wp\/v2\/types\/post"}],"author":[{"embeddable":true,"href":"https:\/\/diarioregionaldigital.com.br\/index.php?rest_route=\/wp\/v2\/users\/246"}],"replies":[{"embeddable":true,"href":"https:\/\/diarioregionaldigital.com.br\/index.php?rest_route=%2Fwp%2Fv2%2Fcomments&post=211285"}],"version-history":[{"count":1,"href":"https:\/\/diarioregionaldigital.com.br\/index.php?rest_route=\/wp\/v2\/posts\/211285\/revisions"}],"predecessor-version":[{"id":211287,"href":"https:\/\/diarioregionaldigital.com.br\/index.php?rest_route=\/wp\/v2\/posts\/211285\/revisions\/211287"}],"wp:featuredmedia":[{"embeddable":true,"href":"https:\/\/diarioregionaldigital.com.br\/index.php?rest_route=\/wp\/v2\/media\/211286"}],"wp:attachment":[{"href":"https:\/\/diarioregionaldigital.com.br\/index.php?rest_route=%2Fwp%2Fv2%2Fmedia&parent=211285"}],"wp:term":[{"taxonomy":"category","embeddable":true,"href":"https:\/\/diarioregionaldigital.com.br\/index.php?rest_route=%2Fwp%2Fv2%2Fcategories&post=211285"},{"taxonomy":"post_tag","embeddable":true,"href":"https:\/\/diarioregionaldigital.com.br\/index.php?rest_route=%2Fwp%2Fv2%2Ftags&post=211285"}],"curies":[{"name":"wp","href":"https:\/\/api.w.org\/{rel}","templated":true}]}}