{"id":211270,"date":"2023-03-11T01:10:53","date_gmt":"2023-03-11T04:10:53","guid":{"rendered":"https:\/\/diarioregionaldigital.com.br\/?p=211270"},"modified":"2023-03-11T01:10:53","modified_gmt":"2023-03-11T04:10:53","slug":"aos-20-anos-velejador-nicolas-bernal-sonha-com-vaga-no-pan-americano","status":"publish","type":"post","link":"https:\/\/diarioregionaldigital.com.br\/?p=211270","title":{"rendered":"Aos 20 anos, velejador Nicolas Bernal sonha com vaga no Pan-Americano"},"content":{"rendered":"<p>Prestes a completar 21 anos no pr\u00f3ximo dia 27, o velejador paulista Nicolas Bernal \u00e9 um dos mais novos na seletiva para os Jogos Pan-Americanos de Santiago (Chile) deste ano. A disputa por vagas nas classes 49er e Nacra 17 termina neste s\u00e1bado (11), em Cabo Frio (RJ). O Pan-Pan-Americano ser\u00e1 disputado entre 20 de outubro e 5 de novembro.<img decoding=\"async\" src=\"https:\/\/agenciabrasil.ebc.com.br\/ebc.png?id=1515554&amp;o=node\" \/><img decoding=\"async\" src=\"https:\/\/agenciabrasil.ebc.com.br\/ebc.gif?id=1515554&amp;o=node\" \/><\/p>\n<p>A vela \u00e9 a modalidade com maior n\u00famero de ouros ol\u00edmpicos da hist\u00f3ria do pa\u00eds \u2013 oito \u2013 e re\u00fane \u00edcones como como Robert Scheidt, Torben e Lars Grael, Marcelo Ferreira e, nos \u00faltimos anos, Martine Grael e Kahena Kunze. Os medalhistas s\u00e3o refer\u00eancia para Nicolas Bernal, que j\u00e1 competiu por v\u00e1rias classes \u2013 optmist, laser, 29er \u2013 at\u00e9 migrar para a 49er em 2019, quando conquistou o terceiro lugar na Copa do Brasil de Vela. Em entrevista exclusiva \u00e0<a href=\"https:\/\/radios.ebc.com.br\/radionacional\"><strong>\u00a0R\u00e1dio Nacional<\/strong><\/a>, o velejador da 49er falou de sua\u00a0trajet\u00f3ria e da troca de experi\u00eancias com atletas mais avan\u00e7ados, durante a seletiva em Cabo Frio (RJ).<\/p>\n<p><strong>R\u00e1dio Nacional:<\/strong>\u00a0A gente teve Robert Scheidt, fam\u00edlia Grael, Marcelo Ferreira, temos a Martine Grael e a Kahena Kunze, e temos o Nicolas Bernal, nome jovem da classe 49er. Nicolas, como est\u00e1 sua expectativa, podendo pegar um Pan-Americano, contando com toda essa galera experiente, dando um toque?<\/p>\n<p><strong>Nicolas Bernal<\/strong>: Bom, ent\u00e3o, eu comecei a dois anos na classe, desde l\u00e1, \u00e9 muito tempo em \u00e1gua j\u00e1, buscando desenvolver as experi\u00eancias necess\u00e1rias para estar aqui. A gente fez um bom trabalho nesse \u00faltimo ano e agora a gente est\u00e1 enfrentando condi\u00e7\u00f5es duras aqui, a gente \u00e9 uma equipe bem leve, e est\u00e1 enfrentando ventos fortes o que \u00e9 desfavor\u00e1vel pra gente, mas est\u00e1 dando o nosso melhor. Estamos sempre ali na briga, buscando sempre um pontinho ou outro, esperando os erros dos advers\u00e1rios, e tem funcionado bastante. A gente n\u00e3o est\u00e1 sendo uma equipe r\u00e1pida aqui, mas temos feito boas manobras, o que ajuda muito, principalmente que o barco fica bem arisco n\u00e9? E est\u00e1 sendo muito bom competir com esse alto n\u00edvel brasileiro aqui. Recentemente, a gente foi pra Europa e teve uma boa base ali enfrentando boas condi\u00e7\u00f5es de \u00e1gua, de vento forte tamb\u00e9m. Ent\u00e3o foi um bom preparativo para agora aqui em Cabo Frio.<\/p>\n<p><strong>R\u00e1dio Nacional:\u00a0<\/strong>Como que voc\u00ea chegou na vela? Voc\u00ea virou, e eu j\u00e1 tive vinte anos tamb\u00e9m. \u201cAh, eu quero ser jogador de futebol, quero jogar v\u00f4lei. Eu quero velejar.\u201d Como que isso surgiu?<\/p>\n<p><strong>Bernal:\u00a0<\/strong>\u00a0Bom, ent\u00e3o meu pai ele \u00e9 de Santos e se mudou pra S\u00e3o Paulo. Ent\u00e3o quando eu tinha uns cinco anos de idade, a gente come\u00e7ou a frequentar muito clubes de Santos, ele j\u00e1 participava de algumas competi\u00e7\u00f5es, mas era algo mais amador, na vela mesmo, e a\u00ed foi me apresentando nesse cen\u00e1rio. Em seguida, a gente come\u00e7ou a fazer muito cruzeiro, tipo um barco grande s\u00f3 que mais a passeio. Eu acabei gostando bastante, pegando bastante gosto pelo pela \u00e1gua, pelo mar, pelo velejo em si, e ent\u00e3o com oito anos de idade meu pai me colocou na escola de vela do YCSA, o \u00a0Yacht Club Santo Amaro, l\u00e1 em S\u00e3o Paulo mesmo, na Represa Guarapirana. Foi l\u00e1 onde tudo come\u00e7ou. A paix\u00e3o veio logo de cara. Eu sempre demonstrei muita facilidade o que ajudou muito a\u00ed nesse in\u00edcio.<\/p>\n<p><strong>R\u00e1dio Nacional: \u00a0<\/strong>A gente sabe quando \u00e9 novato em qualquer lugar, a galera mais velha pega no nosso p\u00e9. E eu j\u00e1 vi que tem alguns apelidos aqui. Voc\u00ea tem algum apelido?<\/p>\n<p><strong>Bernal &#8211;<\/strong>\u00a0Bom, meu apelido aqui \u00e9 a Japa, eu sou descendente de japon\u00eas por parte de m\u00e3e e fico feliz, com os apelidos, uns nomes, tudo.<\/p>\n<p><strong>R\u00e1dio Nacional:\u00a0<\/strong>\u00a0\u00c9 sinal que gostam da gente&#8230;<\/p>\n<p><strong>Bernal<\/strong>: Sim, exatamente, sinal que d\u00e3o valor.<\/p>\n<p><strong>R\u00e1dio Nacional: \u00a0<\/strong>E qual \u00e9 a principal orienta\u00e7\u00e3o que os mais experientes passam pra voc\u00ea l\u00e1 velejando?<\/p>\n<p>Bernal: Eu acho que com certeza \u00e9 de velocidade. Eles tem experi\u00eancia, viveram muito, ent\u00e3o eles sabem a regulagem, o que a gente precisa pra certas condi\u00e7\u00f5es, o que pode acontecer com o vento. Eles v\u00e3o passando essa experi\u00eancia pra gente, \u00a0e como \u00e9 uma fase que a gente rec\u00e9m come\u00e7ou, essa primeira ajuda auxilia muito, \u00e9 muito importante, n\u00e9?<\/p>\n<p><strong>R\u00e1dio Nacional:<\/strong>\u00a0E voc\u00ea como atleta, velejador, qual \u00e9 o ponto que voc\u00ea acha que precisa melhorar hoje, nessa quest\u00e3o de velocidade mesmo?<\/p>\n<p><strong>Bernal<\/strong>: \u00c9, hoje a gente est\u00e1 pecando muito nessa quest\u00e3o da velocidade, \u00e9 o que est\u00e1 custando caro aqui no nosso campeonato, mas a gente j\u00e1 vinha sabendo desse d\u00e9ficit, ent\u00e3o a gente tem um programa a\u00ed de trabalhar nisso, nos pr\u00f3ximos meses. Muito desse d\u00e9ficit vem, principalmente, por quest\u00e3o de peso, que a gente \u00e9 uma equipe muito leve, ent\u00e3o a gente vai agora aproveitar mar\u00e7o, abril e maio, principalmente, pra ganhar peso, muita academia, comer bastante, fazer uma dieta boa pra conseguir chegar no meio do ano com for\u00e7a total \u00a0nos pr\u00f3ximos campeonatos.<\/p>\n<p><span style=\"font-weight: 400;\">Fonte: Ag\u00eancia Brasil<\/span><\/p>\n","protected":false},"excerpt":{"rendered":"<p>Prestes a completar 21 anos no pr\u00f3ximo dia 27, o velejador paulista Nicolas Bernal \u00e9 um dos mais novos na seletiva para os Jogos Pan-Americanos de Santiago (Chile) deste ano. A disputa por vagas nas classes 49er e Nacra 17 termina neste s\u00e1bado (11), em Cabo Frio (RJ). O Pan-Pan-Americano ser\u00e1 disputado entre 20 de [&hellip;]<\/p>\n","protected":false},"author":246,"featured_media":211271,"comment_status":"closed","ping_status":"closed","sticky":false,"template":"","format":"standard","meta":{"footnotes":""},"categories":[436,440,257,439],"tags":[],"class_list":["post-211270","post","type-post","status-publish","format-standard","has-post-thumbnail","hentry","category-destaque-da-semana","category-destaques-do-dia","category-esporte","category-ultima-hora"],"_links":{"self":[{"href":"https:\/\/diarioregionaldigital.com.br\/index.php?rest_route=\/wp\/v2\/posts\/211270","targetHints":{"allow":["GET"]}}],"collection":[{"href":"https:\/\/diarioregionaldigital.com.br\/index.php?rest_route=\/wp\/v2\/posts"}],"about":[{"href":"https:\/\/diarioregionaldigital.com.br\/index.php?rest_route=\/wp\/v2\/types\/post"}],"author":[{"embeddable":true,"href":"https:\/\/diarioregionaldigital.com.br\/index.php?rest_route=\/wp\/v2\/users\/246"}],"replies":[{"embeddable":true,"href":"https:\/\/diarioregionaldigital.com.br\/index.php?rest_route=%2Fwp%2Fv2%2Fcomments&post=211270"}],"version-history":[{"count":1,"href":"https:\/\/diarioregionaldigital.com.br\/index.php?rest_route=\/wp\/v2\/posts\/211270\/revisions"}],"predecessor-version":[{"id":211272,"href":"https:\/\/diarioregionaldigital.com.br\/index.php?rest_route=\/wp\/v2\/posts\/211270\/revisions\/211272"}],"wp:featuredmedia":[{"embeddable":true,"href":"https:\/\/diarioregionaldigital.com.br\/index.php?rest_route=\/wp\/v2\/media\/211271"}],"wp:attachment":[{"href":"https:\/\/diarioregionaldigital.com.br\/index.php?rest_route=%2Fwp%2Fv2%2Fmedia&parent=211270"}],"wp:term":[{"taxonomy":"category","embeddable":true,"href":"https:\/\/diarioregionaldigital.com.br\/index.php?rest_route=%2Fwp%2Fv2%2Fcategories&post=211270"},{"taxonomy":"post_tag","embeddable":true,"href":"https:\/\/diarioregionaldigital.com.br\/index.php?rest_route=%2Fwp%2Fv2%2Ftags&post=211270"}],"curies":[{"name":"wp","href":"https:\/\/api.w.org\/{rel}","templated":true}]}}