{"id":211261,"date":"2023-03-11T00:23:32","date_gmt":"2023-03-11T03:23:32","guid":{"rendered":"https:\/\/diarioregionaldigital.com.br\/?p=211261"},"modified":"2023-03-11T00:23:32","modified_gmt":"2023-03-11T03:23:32","slug":"dpu-pede-ao-supremo-expropriacao-de-imoveis-usados-em-trabalho-escravo","status":"publish","type":"post","link":"https:\/\/diarioregionaldigital.com.br\/?p=211261","title":{"rendered":"DPU pede ao Supremo expropria\u00e7\u00e3o de im\u00f3veis usados em trabalho escravo"},"content":{"rendered":"<p>A Defensoria P\u00fablica da Uni\u00e3o (DPU) entrou\u00a0nesta quinta-feira\u00a0(9) com\u00a0a\u00e7\u00e3o no Supremo Tribunal Federal (STF) para garantir a expropria\u00e7\u00e3o de terras e o confisco de bens de empresas flagradas utilizando trabalhadores em condi\u00e7\u00f5es an\u00e1logas \u00e0 escravid\u00e3o.\u00a0<img decoding=\"async\" src=\"https:\/\/agenciabrasil.ebc.com.br\/ebc.png?id=1515628&amp;o=node\" \/><img decoding=\"async\" src=\"https:\/\/agenciabrasil.ebc.com.br\/ebc.gif?id=1515628&amp;o=node\" \/><\/p>\n<p>No mandado de injun\u00e7\u00e3o protocolado no Supremo, o \u00f3rg\u00e3o defende que a medida est\u00e1 prevista no artigo 243 da Constitui\u00e7\u00e3o, mas ainda n\u00e3o foi regulamentada.<\/p>\n<p>A a\u00e7\u00e3o solicita a utiliza\u00e7\u00e3o imediata da Lei 8.257 de 1991\u00a0para expropriar propriedades rurais e urbanas que utilizam trabalhadores em condi\u00e7\u00e3o an\u00e1loga \u00e0 escravid\u00e3o. A norma \u00e9 aplicada na expropria\u00e7\u00e3o de casos de cultivo de drogas.<\/p>\n<p>A DPU pede que os bens sejam utilizados em a\u00e7\u00f5es da reforma agr\u00e1ria e programas de habita\u00e7\u00e3o popular.<\/p>\n<p>De acordo com o defensor p\u00fablico federal Bruno Arruda, o objetivo \u00e9 punir financeiramente quem usa esse tipo de m\u00e3o de obra. \u201cApesar de todo o esfor\u00e7o que o Brasil vem fazendo para combater o trabalho an\u00e1logo \u00e0 escravid\u00e3o, a quantidade de pessoas resgatadas nos \u00faltimos anos tem aumentado\u201d, afirmou.<\/p>\n<h2>Vin\u00edcolas<\/h2>\n<p>Mais cedo, o Minist\u00e9rio P\u00fablico do Trabalho (MPT) informou ter assinado um\u00a0<a href=\"https:\/\/agenciabrasil.ebc.com.br\/justica\/noticia\/2023-03\/vinicolas-devem-pagar-r-7-milhoes-por-caso-de-trabalho-escravo-no-rs\" target=\"_blank\" rel=\"noopener\">termo de ajuste de conduta (TAC) com as vin\u00edcolas<\/a>\u00a0Aurora, Garibaldi e Salton, envolvidas no\u00a0flagrante de trabalho an\u00e1logo \u00e0 escravid\u00e3o ocorrido em Bento Gon\u00e7alves (RS), em\u00a022 de fevereiro.<\/p>\n<p>Pelo acordo, as vin\u00edcolas se comprometeram a pagar R$ 7 milh\u00f5es em indeniza\u00e7\u00f5es, R$ 5 milh\u00f5es por danos morais coletivos e R$ 2 milh\u00f5es por danos individuais, a ser dividido entre os resgatados. O prazo de pagamento \u00e9 de 15 dias a partir do fornecimento da listagem dos beneficiados.<\/p>\n<p><span style=\"font-weight: 400;\">Fonte: Ag\u00eancia Brasil<\/span><\/p>\n","protected":false},"excerpt":{"rendered":"<p>A Defensoria P\u00fablica da Uni\u00e3o (DPU) entrou\u00a0nesta quinta-feira\u00a0(9) com\u00a0a\u00e7\u00e3o no Supremo Tribunal Federal (STF) para garantir a expropria\u00e7\u00e3o de terras e o confisco de bens de empresas flagradas utilizando trabalhadores em condi\u00e7\u00f5es an\u00e1logas \u00e0 escravid\u00e3o.\u00a0 No mandado de injun\u00e7\u00e3o protocolado no Supremo, o \u00f3rg\u00e3o defende que a medida est\u00e1 prevista no artigo 243 da Constitui\u00e7\u00e3o, [&hellip;]<\/p>\n","protected":false},"author":246,"featured_media":211262,"comment_status":"closed","ping_status":"closed","sticky":false,"template":"","format":"standard","meta":{"footnotes":""},"categories":[436,254,439],"tags":[],"class_list":["post-211261","post","type-post","status-publish","format-standard","has-post-thumbnail","hentry","category-destaque-da-semana","category-politica","category-ultima-hora"],"_links":{"self":[{"href":"https:\/\/diarioregionaldigital.com.br\/index.php?rest_route=\/wp\/v2\/posts\/211261","targetHints":{"allow":["GET"]}}],"collection":[{"href":"https:\/\/diarioregionaldigital.com.br\/index.php?rest_route=\/wp\/v2\/posts"}],"about":[{"href":"https:\/\/diarioregionaldigital.com.br\/index.php?rest_route=\/wp\/v2\/types\/post"}],"author":[{"embeddable":true,"href":"https:\/\/diarioregionaldigital.com.br\/index.php?rest_route=\/wp\/v2\/users\/246"}],"replies":[{"embeddable":true,"href":"https:\/\/diarioregionaldigital.com.br\/index.php?rest_route=%2Fwp%2Fv2%2Fcomments&post=211261"}],"version-history":[{"count":1,"href":"https:\/\/diarioregionaldigital.com.br\/index.php?rest_route=\/wp\/v2\/posts\/211261\/revisions"}],"predecessor-version":[{"id":211263,"href":"https:\/\/diarioregionaldigital.com.br\/index.php?rest_route=\/wp\/v2\/posts\/211261\/revisions\/211263"}],"wp:featuredmedia":[{"embeddable":true,"href":"https:\/\/diarioregionaldigital.com.br\/index.php?rest_route=\/wp\/v2\/media\/211262"}],"wp:attachment":[{"href":"https:\/\/diarioregionaldigital.com.br\/index.php?rest_route=%2Fwp%2Fv2%2Fmedia&parent=211261"}],"wp:term":[{"taxonomy":"category","embeddable":true,"href":"https:\/\/diarioregionaldigital.com.br\/index.php?rest_route=%2Fwp%2Fv2%2Fcategories&post=211261"},{"taxonomy":"post_tag","embeddable":true,"href":"https:\/\/diarioregionaldigital.com.br\/index.php?rest_route=%2Fwp%2Fv2%2Ftags&post=211261"}],"curies":[{"name":"wp","href":"https:\/\/api.w.org\/{rel}","templated":true}]}}