{"id":211258,"date":"2023-03-11T00:22:15","date_gmt":"2023-03-11T03:22:15","guid":{"rendered":"https:\/\/diarioregionaldigital.com.br\/?p=211258"},"modified":"2023-03-11T00:22:15","modified_gmt":"2023-03-11T03:22:15","slug":"camara-aprova-pensao-especial-para-filhos-de-vitimas-de-feminicidio","status":"publish","type":"post","link":"https:\/\/diarioregionaldigital.com.br\/?p=211258","title":{"rendered":"C\u00e2mara aprova pens\u00e3o especial para filhos de v\u00edtimas de feminic\u00eddio"},"content":{"rendered":"<p>A C\u00e2mara dos Deputados aprovou, hoje (9), o projeto de lei n\u00ba 976\/22 que prev\u00ea o pagamento de pens\u00e3o especial aos filhos e outros dependentes menores de 18 anos de mulheres v\u00edtimas de feminic\u00eddio. O valor da pens\u00e3o\u00a0foi fixado em\u00a0um sal\u00e1rio m\u00ednimo (R$ 1.320 atualmente). O benef\u00edcio ser\u00e1 concedido\u00a0ao conjunto dos filhos biol\u00f3gicos ou adotivos e dependentes cuja renda familiar mensal\u00a0<em>per capita<\/em>\u00a0seja igual ou menor do que 25% do sal\u00e1rio m\u00ednimo (R$ 330).<img decoding=\"async\" src=\"https:\/\/agenciabrasil.ebc.com.br\/ebc.png?id=1515278&amp;o=node\" \/><img decoding=\"async\" src=\"https:\/\/agenciabrasil.ebc.com.br\/ebc.gif?id=1515278&amp;o=node\" \/><\/p>\n<p>O projeto \u00e9 de autoria das deputadas petistas Erika Kokay (PT-DF), Gleisi Hoffmann (PT-PR), Benedita da Silva (PT-RJ), Luizianne Lins (PT-CE), Maria do Ros\u00e1rio (PT-RS), Nat\u00e1lia Bonavides (PT-RN), Professora Rosa Neide (PT-MT) e Rejane Dias (PT-PI).\u00a0A\u00a0proposta aprovada pela C\u00e2mara, no entanto, foi o substitutivo apresentado pelo relator da mat\u00e9ria, deputado Capit\u00e3o Alberto Neto (PL-AM).<\/p>\n<h2>Como ser\u00e1<\/h2>\n<p>A\u00a0norma estabelece, ainda, que a pens\u00e3o n\u00e3o poder\u00e1 ser acumulada com benef\u00edcios previdenci\u00e1rios recebidos do Regime Geral de Previd\u00eancia Social ou dos Regimes Pr\u00f3prios de Previd\u00eancia Social, nem com pens\u00f5es ou benef\u00edcios do sistema de prote\u00e7\u00e3o social dos militares. Em caso de\u00a0morte de um dos benefici\u00e1rios, a cota dever\u00e1 ser revertida aos demais.<\/p>\n<p>Caso o processo judicial n\u00e3o comprove o feminic\u00eddio, o benef\u00edcio ser\u00e1 encerrado.<\/p>\n<p>Segundo o relator da proposta, o\u00a0impacto or\u00e7ament\u00e1rio e financeiro foi estimado em R$ 10,52 milh\u00f5es neste ano, R$ 11,15 milh\u00f5es em 2024 e R$ 11,82 milh\u00f5es em 2025.\u00a0O texto segue agora para an\u00e1lise do Senado Federal.<\/p>\n<p><span style=\"font-weight: 400;\">Fonte: Ag\u00eancia Brasil<\/span><\/p>\n","protected":false},"excerpt":{"rendered":"<p>A C\u00e2mara dos Deputados aprovou, hoje (9), o projeto de lei n\u00ba 976\/22 que prev\u00ea o pagamento de pens\u00e3o especial aos filhos e outros dependentes menores de 18 anos de mulheres v\u00edtimas de feminic\u00eddio. O valor da pens\u00e3o\u00a0foi fixado em\u00a0um sal\u00e1rio m\u00ednimo (R$ 1.320 atualmente). O benef\u00edcio ser\u00e1 concedido\u00a0ao conjunto dos filhos biol\u00f3gicos ou adotivos [&hellip;]<\/p>\n","protected":false},"author":246,"featured_media":211259,"comment_status":"closed","ping_status":"closed","sticky":false,"template":"","format":"standard","meta":{"footnotes":""},"categories":[436,440,254,439],"tags":[],"class_list":["post-211258","post","type-post","status-publish","format-standard","has-post-thumbnail","hentry","category-destaque-da-semana","category-destaques-do-dia","category-politica","category-ultima-hora"],"_links":{"self":[{"href":"https:\/\/diarioregionaldigital.com.br\/index.php?rest_route=\/wp\/v2\/posts\/211258","targetHints":{"allow":["GET"]}}],"collection":[{"href":"https:\/\/diarioregionaldigital.com.br\/index.php?rest_route=\/wp\/v2\/posts"}],"about":[{"href":"https:\/\/diarioregionaldigital.com.br\/index.php?rest_route=\/wp\/v2\/types\/post"}],"author":[{"embeddable":true,"href":"https:\/\/diarioregionaldigital.com.br\/index.php?rest_route=\/wp\/v2\/users\/246"}],"replies":[{"embeddable":true,"href":"https:\/\/diarioregionaldigital.com.br\/index.php?rest_route=%2Fwp%2Fv2%2Fcomments&post=211258"}],"version-history":[{"count":1,"href":"https:\/\/diarioregionaldigital.com.br\/index.php?rest_route=\/wp\/v2\/posts\/211258\/revisions"}],"predecessor-version":[{"id":211260,"href":"https:\/\/diarioregionaldigital.com.br\/index.php?rest_route=\/wp\/v2\/posts\/211258\/revisions\/211260"}],"wp:featuredmedia":[{"embeddable":true,"href":"https:\/\/diarioregionaldigital.com.br\/index.php?rest_route=\/wp\/v2\/media\/211259"}],"wp:attachment":[{"href":"https:\/\/diarioregionaldigital.com.br\/index.php?rest_route=%2Fwp%2Fv2%2Fmedia&parent=211258"}],"wp:term":[{"taxonomy":"category","embeddable":true,"href":"https:\/\/diarioregionaldigital.com.br\/index.php?rest_route=%2Fwp%2Fv2%2Fcategories&post=211258"},{"taxonomy":"post_tag","embeddable":true,"href":"https:\/\/diarioregionaldigital.com.br\/index.php?rest_route=%2Fwp%2Fv2%2Ftags&post=211258"}],"curies":[{"name":"wp","href":"https:\/\/api.w.org\/{rel}","templated":true}]}}