{"id":211246,"date":"2023-03-11T00:04:11","date_gmt":"2023-03-11T03:04:11","guid":{"rendered":"https:\/\/diarioregionaldigital.com.br\/?p=211246"},"modified":"2023-03-11T00:04:11","modified_gmt":"2023-03-11T03:04:11","slug":"governo-propoe-9-de-reajuste-salarial-para-servidores-diz-categoria","status":"publish","type":"post","link":"https:\/\/diarioregionaldigital.com.br\/?p=211246","title":{"rendered":"Governo prop\u00f5e 9% de reajuste salarial para servidores, diz categoria"},"content":{"rendered":"<p>O F\u00f3rum Nacional Permanente de Carreiras T\u00edpicas de Estado (Fonacate) informou nesta sexta-feira (10) que o governo federal apresentou proposta de aumento\u00a0salarial de 9% para servidores p\u00fablicos e acr\u00e9scimo de\u00a0R$ 200 no aux\u00edlio-alimenta\u00e7\u00e3o. O aumento passaria a valer a partir de maio.<img decoding=\"async\" src=\"https:\/\/agenciabrasil.ebc.com.br\/ebc.png?id=1515583&amp;o=node\" \/><img decoding=\"async\" src=\"https:\/\/agenciabrasil.ebc.com.br\/ebc.gif?id=1515583&amp;o=node\" \/><\/p>\n<p>Representantes do Fonacate reuniram-se hoje com integrantes do governo federal para debater o reajuste salarial de\u00a02023.<\/p>\n<p>No m\u00eas passado, o governo ofereceu aos servidores p\u00fablicos reajuste de 7,9%. As categorias rejeitaram e apresentaram contraproposta de 13,5%.<\/p>\n<p>Ap\u00f3s a reuni\u00e3o desta sexta-feira, o presidente do Fonacate, Rudinei Marques, disse que o governo subiu o percentual para\u00a08,4% e, depois de press\u00e3o dos servidores, elevou para 9%. Foi mantido reajuste de 43% do aux\u00edlio-alimenta\u00e7\u00e3o, de R$ 458 para R$ 658.<\/p>\n<p>\u201cO governo vai nos enviar na segunda-feira a formaliza\u00e7\u00e3o dessa proposta para que possamos levar para nossas bases, quando ir\u00e3o referendar ou n\u00e3o a proposta do governo. Entendemos que fizemos o poss\u00edvel, estendemos a corda at\u00e9 o limite. Agora, fica com a base a delibera\u00e7\u00e3o de aprovar ou n\u00e3o\u201d, afirmou Marques. O Fonacate \u00e9 formado por 36 afiliadas e representa mais de 200 mil servidores p\u00fablicos.<\/p>\n<p>Para Marques, a negocia\u00e7\u00e3o foi razo\u00e1vel e atende em parte a \u201ccorros\u00e3o inflacion\u00e1ria a que foi submetida os sal\u00e1rios\u201d nos \u00faltimos anos.<\/p>\n<p>A\u00a0<strong>Ag\u00eancia Brasil\u00a0<\/strong>entrou em contato com Minist\u00e9rio da Gest\u00e3o e da Inova\u00e7\u00e3o em Servi\u00e7os P\u00fablicos e aguarda retorno.<\/p>\n<p><span style=\"font-weight: 400;\">Fonte: Ag\u00eancia Brasil<\/span><\/p>\n","protected":false},"excerpt":{"rendered":"<p>O F\u00f3rum Nacional Permanente de Carreiras T\u00edpicas de Estado (Fonacate) informou nesta sexta-feira (10) que o governo federal apresentou proposta de aumento\u00a0salarial de 9% para servidores p\u00fablicos e acr\u00e9scimo de\u00a0R$ 200 no aux\u00edlio-alimenta\u00e7\u00e3o. O aumento passaria a valer a partir de maio. Representantes do Fonacate reuniram-se hoje com integrantes do governo federal para debater o [&hellip;]<\/p>\n","protected":false},"author":246,"featured_media":211247,"comment_status":"closed","ping_status":"closed","sticky":false,"template":"","format":"standard","meta":{"footnotes":""},"categories":[436,440,261,439],"tags":[],"class_list":["post-211246","post","type-post","status-publish","format-standard","has-post-thumbnail","hentry","category-destaque-da-semana","category-destaques-do-dia","category-economia","category-ultima-hora"],"_links":{"self":[{"href":"https:\/\/diarioregionaldigital.com.br\/index.php?rest_route=\/wp\/v2\/posts\/211246","targetHints":{"allow":["GET"]}}],"collection":[{"href":"https:\/\/diarioregionaldigital.com.br\/index.php?rest_route=\/wp\/v2\/posts"}],"about":[{"href":"https:\/\/diarioregionaldigital.com.br\/index.php?rest_route=\/wp\/v2\/types\/post"}],"author":[{"embeddable":true,"href":"https:\/\/diarioregionaldigital.com.br\/index.php?rest_route=\/wp\/v2\/users\/246"}],"replies":[{"embeddable":true,"href":"https:\/\/diarioregionaldigital.com.br\/index.php?rest_route=%2Fwp%2Fv2%2Fcomments&post=211246"}],"version-history":[{"count":1,"href":"https:\/\/diarioregionaldigital.com.br\/index.php?rest_route=\/wp\/v2\/posts\/211246\/revisions"}],"predecessor-version":[{"id":211248,"href":"https:\/\/diarioregionaldigital.com.br\/index.php?rest_route=\/wp\/v2\/posts\/211246\/revisions\/211248"}],"wp:featuredmedia":[{"embeddable":true,"href":"https:\/\/diarioregionaldigital.com.br\/index.php?rest_route=\/wp\/v2\/media\/211247"}],"wp:attachment":[{"href":"https:\/\/diarioregionaldigital.com.br\/index.php?rest_route=%2Fwp%2Fv2%2Fmedia&parent=211246"}],"wp:term":[{"taxonomy":"category","embeddable":true,"href":"https:\/\/diarioregionaldigital.com.br\/index.php?rest_route=%2Fwp%2Fv2%2Fcategories&post=211246"},{"taxonomy":"post_tag","embeddable":true,"href":"https:\/\/diarioregionaldigital.com.br\/index.php?rest_route=%2Fwp%2Fv2%2Ftags&post=211246"}],"curies":[{"name":"wp","href":"https:\/\/api.w.org\/{rel}","templated":true}]}}