{"id":211242,"date":"2023-03-10T13:59:44","date_gmt":"2023-03-10T16:59:44","guid":{"rendered":"https:\/\/diarioregionaldigital.com.br\/?p=211242"},"modified":"2023-03-10T13:59:44","modified_gmt":"2023-03-10T16:59:44","slug":"policia-militar-prende-apreende-envolvidos-em-trafico-e-porte-ilegal-de-armas-no-bairro-vila-ideal","status":"publish","type":"post","link":"https:\/\/diarioregionaldigital.com.br\/?p=211242","title":{"rendered":"Pol\u00edcia militar prende\/apreende envolvidos em tr\u00e1fico e porte ilegal de armas no bairro Vila Ideal"},"content":{"rendered":"<p>Durante o patrulhamento a equipe GEPAR 135 recebeu informa\u00e7\u00f5es que um indiv\u00edduo estava guardando em sua casa drogas e estava portando arma de fogo em uma resid\u00eancia do bairro Vila Ideal nesta quinta-feira, dia 09 de mar\u00e7o de 2023. A equipe se deslocou at\u00e9 o local e no momento do cerco ao im\u00f3vel o autor subiu em um terra\u00e7o e arremessou uma arma de fogo no terreno ao lado. As equipes adentraram no im\u00f3vel e conseguiram abordar o autor que tamb\u00e9m tentou dispensar drogas pelo vaso sanit\u00e1rio. Foram apreendidos 01 Pistola Taurus calibre 380, 01 Carregador Calibre 380, 12 Muni\u00e7\u00f5es calibre 380, 12 Muni\u00e7\u00f5es calibre .38, 20 Papelotes de Coca\u00edna, 59 Pinos de Coca\u00edna, 01 Balan\u00e7a de precis\u00e3o, 01 Telefone celular, e o material de embalo de drogas O autor foi preso e o material apreendido para demais provid\u00eancias.<\/p>\n<p>&nbsp;<\/p>\n","protected":false},"excerpt":{"rendered":"<p>Durante o patrulhamento a equipe GEPAR 135 recebeu informa\u00e7\u00f5es que um indiv\u00edduo estava guardando em sua casa drogas e estava portando arma de fogo em uma resid\u00eancia do bairro Vila Ideal nesta quinta-feira, dia 09 de mar\u00e7o de 2023. A equipe se deslocou at\u00e9 o local e no momento do cerco ao im\u00f3vel o autor [&hellip;]<\/p>\n","protected":false},"author":246,"featured_media":211243,"comment_status":"closed","ping_status":"closed","sticky":false,"template":"","format":"standard","meta":{"footnotes":""},"categories":[301,436,439],"tags":[],"class_list":["post-211242","post","type-post","status-publish","format-standard","has-post-thumbnail","hentry","category-artigos-policiais","category-destaque-da-semana","category-ultima-hora"],"_links":{"self":[{"href":"https:\/\/diarioregionaldigital.com.br\/index.php?rest_route=\/wp\/v2\/posts\/211242","targetHints":{"allow":["GET"]}}],"collection":[{"href":"https:\/\/diarioregionaldigital.com.br\/index.php?rest_route=\/wp\/v2\/posts"}],"about":[{"href":"https:\/\/diarioregionaldigital.com.br\/index.php?rest_route=\/wp\/v2\/types\/post"}],"author":[{"embeddable":true,"href":"https:\/\/diarioregionaldigital.com.br\/index.php?rest_route=\/wp\/v2\/users\/246"}],"replies":[{"embeddable":true,"href":"https:\/\/diarioregionaldigital.com.br\/index.php?rest_route=%2Fwp%2Fv2%2Fcomments&post=211242"}],"version-history":[{"count":2,"href":"https:\/\/diarioregionaldigital.com.br\/index.php?rest_route=\/wp\/v2\/posts\/211242\/revisions"}],"predecessor-version":[{"id":211245,"href":"https:\/\/diarioregionaldigital.com.br\/index.php?rest_route=\/wp\/v2\/posts\/211242\/revisions\/211245"}],"wp:featuredmedia":[{"embeddable":true,"href":"https:\/\/diarioregionaldigital.com.br\/index.php?rest_route=\/wp\/v2\/media\/211243"}],"wp:attachment":[{"href":"https:\/\/diarioregionaldigital.com.br\/index.php?rest_route=%2Fwp%2Fv2%2Fmedia&parent=211242"}],"wp:term":[{"taxonomy":"category","embeddable":true,"href":"https:\/\/diarioregionaldigital.com.br\/index.php?rest_route=%2Fwp%2Fv2%2Fcategories&post=211242"},{"taxonomy":"post_tag","embeddable":true,"href":"https:\/\/diarioregionaldigital.com.br\/index.php?rest_route=%2Fwp%2Fv2%2Ftags&post=211242"}],"curies":[{"name":"wp","href":"https:\/\/api.w.org\/{rel}","templated":true}]}}