{"id":211227,"date":"2023-03-09T22:11:33","date_gmt":"2023-03-10T01:11:33","guid":{"rendered":"https:\/\/diarioregionaldigital.com.br\/?p=211227"},"modified":"2023-03-09T22:11:33","modified_gmt":"2023-03-10T01:11:33","slug":"pjf-da-sequencia-ao-recapeamento-asfaltico-na-avenida-coronel-vidal","status":"publish","type":"post","link":"https:\/\/diarioregionaldigital.com.br\/?p=211227","title":{"rendered":"PJF d\u00e1 sequ\u00eancia ao recapeamento asf\u00e1ltico na Avenida Coronel Vidal"},"content":{"rendered":"<p>Segundo informa\u00e7\u00f5es do site da Prefeitura de Juiz de Fora (PJF), as equipes da Prefeitura de Juiz de Fora (PJF) seguem operando no recapeamento da Avenida Coronel Vidal, no bairro Cer\u00e2mica. O trabalho est\u00e1 avan\u00e7ando rapidamente, e tem previs\u00e3o de ser finalizado em at\u00e9 15 dias.<\/p>\n<p>Dados recentes indicam que quase 20 mil ve\u00edculos passam pela via diariamente, sendo que o n\u00famero chega a 1.150 ve\u00edculos por hora em hor\u00e1rios de pico, ou seja, dezenas de milhares de pessoas ser\u00e3o beneficiadas com a interven\u00e7\u00e3o. Por ora, a orienta\u00e7\u00e3o \u00e9 que os motoristas busquem rotas alternativas. \u00c9 importante destacar que a lentid\u00e3o causada no tr\u00e2nsito \u00e9 tempor\u00e1ria, mas os benef\u00edcios para a cidade durar\u00e3o por muitos anos.<\/p>\n<p><strong>Trabalhos tamb\u00e9m seguem na Rua Henrique Burnier<\/strong><\/p>\n<p>A Empresa Municipal de Pavimenta\u00e7\u00e3o e Urbanidades (Empav) segue tamb\u00e9m com o recapeamento na Rua Henrique Burnier, Mariano Proc\u00f3pio. No total, a \u00e1rea atendida pelas a\u00e7\u00f5es resulta em quase tr\u00eas quil\u00f4metros de asfalto novinho.<\/p>\n<p>As a\u00e7\u00f5es seguem em andamento na cidade e a programa\u00e7\u00e3o di\u00e1ria completa pode ser conferida na p\u00e1gina do Gabinete de A\u00e7\u00e3o e Di\u00e1logo Comunit\u00e1rio atrav\u00e9s do<a href=\"https:\/\/www.pjf.mg.gov.br\/gabinetecomunitario\/#onde\">\u00a0<strong>link<\/strong><\/a>. Para solicitar servi\u00e7os de zeladoria em vias p\u00fablicas, como tapa-buracos, poda e corte de \u00e1rvores, limpeza de pra\u00e7as e outros, entre em contato com o Gabinete de A\u00e7\u00e3o e Di\u00e1logo Comunit\u00e1rio, atrav\u00e9s do telefone (32) 3690-7241 (liga\u00e7\u00e3o ou WhatsApp).<\/p>\n","protected":false},"excerpt":{"rendered":"<p>Segundo informa\u00e7\u00f5es do site da Prefeitura de Juiz de Fora (PJF), as equipes da Prefeitura de Juiz de Fora (PJF) seguem operando no recapeamento da Avenida Coronel Vidal, no bairro Cer\u00e2mica. O trabalho est\u00e1 avan\u00e7ando rapidamente, e tem previs\u00e3o de ser finalizado em at\u00e9 15 dias. Dados recentes indicam que quase 20 mil ve\u00edculos passam [&hellip;]<\/p>\n","protected":false},"author":246,"featured_media":211228,"comment_status":"closed","ping_status":"closed","sticky":false,"template":"","format":"standard","meta":{"footnotes":""},"categories":[253,436,439],"tags":[],"class_list":["post-211227","post","type-post","status-publish","format-standard","has-post-thumbnail","hentry","category-cidade","category-destaque-da-semana","category-ultima-hora"],"_links":{"self":[{"href":"https:\/\/diarioregionaldigital.com.br\/index.php?rest_route=\/wp\/v2\/posts\/211227","targetHints":{"allow":["GET"]}}],"collection":[{"href":"https:\/\/diarioregionaldigital.com.br\/index.php?rest_route=\/wp\/v2\/posts"}],"about":[{"href":"https:\/\/diarioregionaldigital.com.br\/index.php?rest_route=\/wp\/v2\/types\/post"}],"author":[{"embeddable":true,"href":"https:\/\/diarioregionaldigital.com.br\/index.php?rest_route=\/wp\/v2\/users\/246"}],"replies":[{"embeddable":true,"href":"https:\/\/diarioregionaldigital.com.br\/index.php?rest_route=%2Fwp%2Fv2%2Fcomments&post=211227"}],"version-history":[{"count":1,"href":"https:\/\/diarioregionaldigital.com.br\/index.php?rest_route=\/wp\/v2\/posts\/211227\/revisions"}],"predecessor-version":[{"id":211229,"href":"https:\/\/diarioregionaldigital.com.br\/index.php?rest_route=\/wp\/v2\/posts\/211227\/revisions\/211229"}],"wp:featuredmedia":[{"embeddable":true,"href":"https:\/\/diarioregionaldigital.com.br\/index.php?rest_route=\/wp\/v2\/media\/211228"}],"wp:attachment":[{"href":"https:\/\/diarioregionaldigital.com.br\/index.php?rest_route=%2Fwp%2Fv2%2Fmedia&parent=211227"}],"wp:term":[{"taxonomy":"category","embeddable":true,"href":"https:\/\/diarioregionaldigital.com.br\/index.php?rest_route=%2Fwp%2Fv2%2Fcategories&post=211227"},{"taxonomy":"post_tag","embeddable":true,"href":"https:\/\/diarioregionaldigital.com.br\/index.php?rest_route=%2Fwp%2Fv2%2Ftags&post=211227"}],"curies":[{"name":"wp","href":"https:\/\/api.w.org\/{rel}","templated":true}]}}