{"id":211224,"date":"2023-03-09T22:09:39","date_gmt":"2023-03-10T01:09:39","guid":{"rendered":"https:\/\/diarioregionaldigital.com.br\/?p=211224"},"modified":"2023-03-09T22:09:39","modified_gmt":"2023-03-10T01:09:39","slug":"estacionamento-do-parque-da-lajinha-tera-funcionamento-interrompido-nesta-sexta-10","status":"publish","type":"post","link":"https:\/\/diarioregionaldigital.com.br\/?p=211224","title":{"rendered":"Estacionamento do Parque da Lajinha ter\u00e1 funcionamento interrompido nesta sexta, 10"},"content":{"rendered":"<p>Segundo informa\u00e7\u00f5es do site da Prefeitura de Juiz de Fora (PJF), excepcionalmente nesta sexta-feira, 10, o estacionamento do Parque Municipal da Lajinha n\u00e3o estar\u00e1 funcionando devido a servi\u00e7os de manuten\u00e7\u00e3o e preserva\u00e7\u00e3o da \u00e1rea verde ao redor. A entrada para visita\u00e7\u00e3o das depend\u00eancias do parque seguir\u00e1 de forma normal.<\/p>\n<p><strong>O Parque da Lajinha<\/strong><\/p>\n<p>O Parque da Lajinha est\u00e1 localizado na Avenida Deusdedith Salgado, s\/n, no bairro Teixeiras. O funcionamento do parque \u00e9 de ter\u00e7a-feira \u00e0 domingo, de 8h \u00e0s 17h, com entrada permitida at\u00e9 \u00e0s 16h30.<\/p>\n<p>As linhas de \u00f4nibus que atendem ao local s\u00e3o: 190 (zona sul), 508 (Av. Deusdedith Salgado), 514 (Cascatinha), 519 (Torre\u00f5es), 520 (Aeroporto), 521 (Teixeiras), 522\u00a0 \u00a0 (Teixeiras), 523 (Monte Verde), 528 (Cascatinha), 529 (Monte Verde), 543 (Centro), 546 (Mirante), 590 (Zona Sul) e 518 (Salvaterra).<\/p>\n<p><strong>Outras informa\u00e7\u00f5es:\u00a0<\/strong><\/p>\n<p>Secretaria de Sustentabilidade em Meio Ambiente e Atividades Urbanas (Sesmaur) &#8211; 3690-7142<\/p>\n<p>Deapren: 3690-7118<\/p>\n<p>Parque da Lajinha: 3690-8577<\/p>\n","protected":false},"excerpt":{"rendered":"<p>Segundo informa\u00e7\u00f5es do site da Prefeitura de Juiz de Fora (PJF), excepcionalmente nesta sexta-feira, 10, o estacionamento do Parque Municipal da Lajinha n\u00e3o estar\u00e1 funcionando devido a servi\u00e7os de manuten\u00e7\u00e3o e preserva\u00e7\u00e3o da \u00e1rea verde ao redor. A entrada para visita\u00e7\u00e3o das depend\u00eancias do parque seguir\u00e1 de forma normal. O Parque da Lajinha O Parque [&hellip;]<\/p>\n","protected":false},"author":246,"featured_media":211225,"comment_status":"closed","ping_status":"closed","sticky":false,"template":"","format":"standard","meta":{"footnotes":""},"categories":[253,436,439],"tags":[],"class_list":["post-211224","post","type-post","status-publish","format-standard","has-post-thumbnail","hentry","category-cidade","category-destaque-da-semana","category-ultima-hora"],"_links":{"self":[{"href":"https:\/\/diarioregionaldigital.com.br\/index.php?rest_route=\/wp\/v2\/posts\/211224","targetHints":{"allow":["GET"]}}],"collection":[{"href":"https:\/\/diarioregionaldigital.com.br\/index.php?rest_route=\/wp\/v2\/posts"}],"about":[{"href":"https:\/\/diarioregionaldigital.com.br\/index.php?rest_route=\/wp\/v2\/types\/post"}],"author":[{"embeddable":true,"href":"https:\/\/diarioregionaldigital.com.br\/index.php?rest_route=\/wp\/v2\/users\/246"}],"replies":[{"embeddable":true,"href":"https:\/\/diarioregionaldigital.com.br\/index.php?rest_route=%2Fwp%2Fv2%2Fcomments&post=211224"}],"version-history":[{"count":1,"href":"https:\/\/diarioregionaldigital.com.br\/index.php?rest_route=\/wp\/v2\/posts\/211224\/revisions"}],"predecessor-version":[{"id":211226,"href":"https:\/\/diarioregionaldigital.com.br\/index.php?rest_route=\/wp\/v2\/posts\/211224\/revisions\/211226"}],"wp:featuredmedia":[{"embeddable":true,"href":"https:\/\/diarioregionaldigital.com.br\/index.php?rest_route=\/wp\/v2\/media\/211225"}],"wp:attachment":[{"href":"https:\/\/diarioregionaldigital.com.br\/index.php?rest_route=%2Fwp%2Fv2%2Fmedia&parent=211224"}],"wp:term":[{"taxonomy":"category","embeddable":true,"href":"https:\/\/diarioregionaldigital.com.br\/index.php?rest_route=%2Fwp%2Fv2%2Fcategories&post=211224"},{"taxonomy":"post_tag","embeddable":true,"href":"https:\/\/diarioregionaldigital.com.br\/index.php?rest_route=%2Fwp%2Fv2%2Ftags&post=211224"}],"curies":[{"name":"wp","href":"https:\/\/api.w.org\/{rel}","templated":true}]}}