{"id":211221,"date":"2023-03-09T22:08:10","date_gmt":"2023-03-10T01:08:10","guid":{"rendered":"https:\/\/diarioregionaldigital.com.br\/?p=211221"},"modified":"2023-03-09T22:08:10","modified_gmt":"2023-03-10T01:08:10","slug":"programa-gente-em-primeiro-lugar-lanca-campanha-para-arrecadar-brinquedos-e-livros","status":"publish","type":"post","link":"https:\/\/diarioregionaldigital.com.br\/?p=211221","title":{"rendered":"Programa Gente em Primeiro Lugar lan\u00e7a campanha para arrecadar brinquedos e livros"},"content":{"rendered":"<p>Segundo informa\u00e7\u00f5es do site da Prefeitura de Juiz de Fora (PJF), com o objetivo de viabilizar a cria\u00e7\u00e3o da \u201cBrinquedoteca da Gente\u201d e de uma biblioteca interna, o Centro Cultural Dnar Rocha, sede do Programa Gente em Primeiro Lugar, est\u00e1 arrecadando brinquedos e livros em boas condi\u00e7\u00f5es de uso. A ideia \u00e9 refor\u00e7ar o acolhimento oferecido \u00e0s pessoas que frequentam as oficinas culturais mantidas no equipamento urbano. As doa\u00e7\u00f5es devem ser entregues no pr\u00f3prio Dnar Rocha, instalado na Rua Mariano Proc\u00f3pio, em frente ao parque do Museu Mariano Proc\u00f3pio, das 9h \u00e0s 16h, de segunda a sexta-feira.<\/p>\n<p>O coordenador-geral da unidade, Fernando Val\u00e9rio, explica que a campanha tem car\u00e1ter permanente e que a previs\u00e3o \u00e9 de que a brinquedoteca e a biblioteca sejam inauguradas j\u00e1 em abril. \u201cSer\u00e3o mais dois espa\u00e7os de conviv\u00eancia dentro do centro cultural, o que contribuir\u00e1 para melhorar as rela\u00e7\u00f5es e refor\u00e7ar o sentimento de pertencimento.\u201d<\/p>\n<p>O Programa Gente em Primeiro Lugar \u00e9 mantido pela Prefeitura de Juiz de Fora (PJF) e gerenciado pela Funda\u00e7\u00e3o Cultural Alfredo Ferreira Lage (Funalfa), com presta\u00e7\u00e3o de servi\u00e7o por meio da Associa\u00e7\u00e3o Municipal de Apoio Comunit\u00e1rio (Amac). Na sede (Centro Cultural Dnar Rocha), s\u00e3o oferecidas oficinas gratuitas de Teatro, Dan\u00e7as Urbanas, Dan\u00e7as Populares, Samba, Bal\u00e9, Grafite, Moda, Artesanato, Desenho, Capoeira, Musicaliza\u00e7\u00e3o, Flauta, Teclado, Viol\u00e3o, Percuss\u00e3o, Inform\u00e1tica e Audiovisual, totalizando 54 turmas. Ao todo, neste equipamento, s\u00e3o atendidas 733 pessoas, entre crian\u00e7as, adolescentes, jovens, adultos e idosos.<\/p>\n","protected":false},"excerpt":{"rendered":"<p>Segundo informa\u00e7\u00f5es do site da Prefeitura de Juiz de Fora (PJF), com o objetivo de viabilizar a cria\u00e7\u00e3o da \u201cBrinquedoteca da Gente\u201d e de uma biblioteca interna, o Centro Cultural Dnar Rocha, sede do Programa Gente em Primeiro Lugar, est\u00e1 arrecadando brinquedos e livros em boas condi\u00e7\u00f5es de uso. A ideia \u00e9 refor\u00e7ar o acolhimento [&hellip;]<\/p>\n","protected":false},"author":246,"featured_media":211222,"comment_status":"closed","ping_status":"closed","sticky":false,"template":"","format":"standard","meta":{"footnotes":""},"categories":[253,436,439],"tags":[],"class_list":["post-211221","post","type-post","status-publish","format-standard","has-post-thumbnail","hentry","category-cidade","category-destaque-da-semana","category-ultima-hora"],"_links":{"self":[{"href":"https:\/\/diarioregionaldigital.com.br\/index.php?rest_route=\/wp\/v2\/posts\/211221","targetHints":{"allow":["GET"]}}],"collection":[{"href":"https:\/\/diarioregionaldigital.com.br\/index.php?rest_route=\/wp\/v2\/posts"}],"about":[{"href":"https:\/\/diarioregionaldigital.com.br\/index.php?rest_route=\/wp\/v2\/types\/post"}],"author":[{"embeddable":true,"href":"https:\/\/diarioregionaldigital.com.br\/index.php?rest_route=\/wp\/v2\/users\/246"}],"replies":[{"embeddable":true,"href":"https:\/\/diarioregionaldigital.com.br\/index.php?rest_route=%2Fwp%2Fv2%2Fcomments&post=211221"}],"version-history":[{"count":1,"href":"https:\/\/diarioregionaldigital.com.br\/index.php?rest_route=\/wp\/v2\/posts\/211221\/revisions"}],"predecessor-version":[{"id":211223,"href":"https:\/\/diarioregionaldigital.com.br\/index.php?rest_route=\/wp\/v2\/posts\/211221\/revisions\/211223"}],"wp:featuredmedia":[{"embeddable":true,"href":"https:\/\/diarioregionaldigital.com.br\/index.php?rest_route=\/wp\/v2\/media\/211222"}],"wp:attachment":[{"href":"https:\/\/diarioregionaldigital.com.br\/index.php?rest_route=%2Fwp%2Fv2%2Fmedia&parent=211221"}],"wp:term":[{"taxonomy":"category","embeddable":true,"href":"https:\/\/diarioregionaldigital.com.br\/index.php?rest_route=%2Fwp%2Fv2%2Fcategories&post=211221"},{"taxonomy":"post_tag","embeddable":true,"href":"https:\/\/diarioregionaldigital.com.br\/index.php?rest_route=%2Fwp%2Fv2%2Ftags&post=211221"}],"curies":[{"name":"wp","href":"https:\/\/api.w.org\/{rel}","templated":true}]}}