{"id":211209,"date":"2023-03-09T21:30:26","date_gmt":"2023-03-10T00:30:26","guid":{"rendered":"https:\/\/diarioregionaldigital.com.br\/?p=211209"},"modified":"2023-03-09T21:30:26","modified_gmt":"2023-03-10T00:30:26","slug":"atletico-mg-empata-e-fica-perto-da-fase-de-grupos-da-libertadores","status":"publish","type":"post","link":"https:\/\/diarioregionaldigital.com.br\/?p=211209","title":{"rendered":"Atl\u00e9tico-MG empata e fica perto da fase de grupos da Libertadores"},"content":{"rendered":"<p>O Atl\u00e9tico-MG arrancou um empate de 1 a 1 com o Millonarios (Col\u00f4mbia), na noite desta quarta-feira (8) no est\u00e1dio El Camp\u00edn, em Bogot\u00e1, pela partida de ida da terceira fase pr\u00e9via da Copa Libertadores.<img decoding=\"async\" src=\"https:\/\/agenciabrasil.ebc.com.br\/ebc.png?id=1515161&amp;o=node\" \/><img decoding=\"async\" src=\"https:\/\/agenciabrasil.ebc.com.br\/ebc.gif?id=1515161&amp;o=node\" \/><\/p>\n<p>Agora, as equipes voltam a medir for\u00e7as, a partir das 21h30 (hor\u00e1rio de Bras\u00edlia) da pr\u00f3xima quarta-feira (15) no est\u00e1dio do Mineir\u00e3o, para saber quem se garante na fase de grupos da principal competi\u00e7\u00e3o de clubes da Am\u00e9rica do Sul.<\/p>\n<p>Os colombianos conseguiram abrir o placar aos 41 minutos do primeiro tempo gra\u00e7as a gol de cabe\u00e7a do meio-campista David Silva. Por\u00e9m, o Galo igualou aos 20 da etapa final, quando Jemerson lan\u00e7ou Paulinho, que partiu em velocidade antes de bater por cobertura para marcar um bonito gol.<\/p>\n<p><span style=\"font-weight: 400;\">Fonte: Ag\u00eancia Brasil <\/span><\/p>\n","protected":false},"excerpt":{"rendered":"<p>O Atl\u00e9tico-MG arrancou um empate de 1 a 1 com o Millonarios (Col\u00f4mbia), na noite desta quarta-feira (8) no est\u00e1dio El Camp\u00edn, em Bogot\u00e1, pela partida de ida da terceira fase pr\u00e9via da Copa Libertadores. Agora, as equipes voltam a medir for\u00e7as, a partir das 21h30 (hor\u00e1rio de Bras\u00edlia) da pr\u00f3xima quarta-feira (15) no est\u00e1dio [&hellip;]<\/p>\n","protected":false},"author":246,"featured_media":211210,"comment_status":"closed","ping_status":"closed","sticky":false,"template":"","format":"standard","meta":{"footnotes":""},"categories":[436,257,439],"tags":[],"class_list":["post-211209","post","type-post","status-publish","format-standard","has-post-thumbnail","hentry","category-destaque-da-semana","category-esporte","category-ultima-hora"],"_links":{"self":[{"href":"https:\/\/diarioregionaldigital.com.br\/index.php?rest_route=\/wp\/v2\/posts\/211209","targetHints":{"allow":["GET"]}}],"collection":[{"href":"https:\/\/diarioregionaldigital.com.br\/index.php?rest_route=\/wp\/v2\/posts"}],"about":[{"href":"https:\/\/diarioregionaldigital.com.br\/index.php?rest_route=\/wp\/v2\/types\/post"}],"author":[{"embeddable":true,"href":"https:\/\/diarioregionaldigital.com.br\/index.php?rest_route=\/wp\/v2\/users\/246"}],"replies":[{"embeddable":true,"href":"https:\/\/diarioregionaldigital.com.br\/index.php?rest_route=%2Fwp%2Fv2%2Fcomments&post=211209"}],"version-history":[{"count":1,"href":"https:\/\/diarioregionaldigital.com.br\/index.php?rest_route=\/wp\/v2\/posts\/211209\/revisions"}],"predecessor-version":[{"id":211211,"href":"https:\/\/diarioregionaldigital.com.br\/index.php?rest_route=\/wp\/v2\/posts\/211209\/revisions\/211211"}],"wp:featuredmedia":[{"embeddable":true,"href":"https:\/\/diarioregionaldigital.com.br\/index.php?rest_route=\/wp\/v2\/media\/211210"}],"wp:attachment":[{"href":"https:\/\/diarioregionaldigital.com.br\/index.php?rest_route=%2Fwp%2Fv2%2Fmedia&parent=211209"}],"wp:term":[{"taxonomy":"category","embeddable":true,"href":"https:\/\/diarioregionaldigital.com.br\/index.php?rest_route=%2Fwp%2Fv2%2Fcategories&post=211209"},{"taxonomy":"post_tag","embeddable":true,"href":"https:\/\/diarioregionaldigital.com.br\/index.php?rest_route=%2Fwp%2Fv2%2Ftags&post=211209"}],"curies":[{"name":"wp","href":"https:\/\/api.w.org\/{rel}","templated":true}]}}