{"id":211206,"date":"2023-03-09T21:28:38","date_gmt":"2023-03-10T00:28:38","guid":{"rendered":"https:\/\/diarioregionaldigital.com.br\/?p=211206"},"modified":"2023-03-09T21:28:38","modified_gmt":"2023-03-10T00:28:38","slug":"brasil-encara-alemanha-em-ultimo-amistoso-antes-do-mundial-feminino","status":"publish","type":"post","link":"https:\/\/diarioregionaldigital.com.br\/?p=211206","title":{"rendered":"Brasil encara Alemanha em \u00faltimo amistoso antes do Mundial feminino"},"content":{"rendered":"<p>O \u00faltimo amistoso da sele\u00e7\u00e3o brasileira antes da Copa do Mundo de futebol feminino ser\u00e1 contra a Alemanha, atual vice-campe\u00e3 europeia, dia 11 de abril. O an\u00fancio foi feito nesta quinta-feira (9) pela Confedera\u00e7\u00e3o Brasileira de Futebol (CBF). O jogo ocorrer\u00e1 na cidade de Nuremberg (Alemanha), cinco dias ap\u00f3s a sele\u00e7\u00e3o decidir o t\u00edtulo da Final\u00edssima Feminina com a Inglaterra, campe\u00e3 europeia, em Londres. Os dois jogos ocorrer\u00e3o na Data Fifa (per\u00edodo reservado\u00a0pela\u00a0entidade m\u00e1xima do futebol mundial para as sele\u00e7\u00f5es disputarem\u00a0amistosos ou jogos oficiais), entre os dias 3 e 11 de abril.<img decoding=\"async\" src=\"https:\/\/agenciabrasil.ebc.com.br\/ebc.png?id=1515235&amp;o=node\" \/><img decoding=\"async\" src=\"https:\/\/agenciabrasil.ebc.com.br\/ebc.gif?id=1515235&amp;o=node\" \/><\/p>\n<p>Os confrontos com duas sele\u00e7\u00f5es top 5 do ranking da Fifa encerrar\u00e3o a fase preparat\u00f3ria da sele\u00e7\u00e3o brasileira para a Copa do Mundo, com in\u00edcio em 20 de julho, na Austr\u00e1lia e Nova Zel\u00e2ndia. Inglaterra e Alemanha foram finalistas da Euro Feminina em julho de 2022 \u2013 na ocasi\u00e3o a equipe inglesa levantou a ta\u00e7a ap\u00f3s vit\u00f3ria por 2 a 1 sobre a sele\u00e7\u00e3o alem\u00e3.<\/p>\n<p>O Brasil estreia na Copa em 24 de \u00a0durante Data Fifa (per\u00edodo estipulado pela entidade maior do futebol para as sele\u00e7\u00f5es disputarem amistosos e jogos oficiais), de 3 a 11 de abril, finalizar\u00e3o a prepara\u00e7\u00e3o para a Copa do Mundo feminina, com in\u00edcio em 20 de julho, na Austr\u00e1lia e Nova Zel\u00e2ndia.<\/p>\n<p>A sele\u00e7\u00e3o brasileira, comandada pela t\u00e9cnica Pia Sundhage, estrear\u00e1 na fase de grupos da Copa do Mundo contra o Panam\u00e1, no dia 24 de julho, em Adelaide (Austr\u00e1lia). Na sequ\u00eancia, o pa\u00eds enfrenta a Fran\u00e7a, no dia 29, em Brisbane (Austr\u00e1lia) e encerra a primeira fase em duelo contra a Jamaica, em 2 de agosto, em Melbourne (AUS).<\/p>\n<p><span style=\"font-weight: 400;\">Fonte: Ag\u00eancia Brasil <\/span><\/p>\n","protected":false},"excerpt":{"rendered":"<p>O \u00faltimo amistoso da sele\u00e7\u00e3o brasileira antes da Copa do Mundo de futebol feminino ser\u00e1 contra a Alemanha, atual vice-campe\u00e3 europeia, dia 11 de abril. O an\u00fancio foi feito nesta quinta-feira (9) pela Confedera\u00e7\u00e3o Brasileira de Futebol (CBF). O jogo ocorrer\u00e1 na cidade de Nuremberg (Alemanha), cinco dias ap\u00f3s a sele\u00e7\u00e3o decidir o t\u00edtulo da [&hellip;]<\/p>\n","protected":false},"author":246,"featured_media":211207,"comment_status":"closed","ping_status":"closed","sticky":false,"template":"","format":"standard","meta":{"footnotes":""},"categories":[436,440,257,439],"tags":[],"class_list":["post-211206","post","type-post","status-publish","format-standard","has-post-thumbnail","hentry","category-destaque-da-semana","category-destaques-do-dia","category-esporte","category-ultima-hora"],"_links":{"self":[{"href":"https:\/\/diarioregionaldigital.com.br\/index.php?rest_route=\/wp\/v2\/posts\/211206","targetHints":{"allow":["GET"]}}],"collection":[{"href":"https:\/\/diarioregionaldigital.com.br\/index.php?rest_route=\/wp\/v2\/posts"}],"about":[{"href":"https:\/\/diarioregionaldigital.com.br\/index.php?rest_route=\/wp\/v2\/types\/post"}],"author":[{"embeddable":true,"href":"https:\/\/diarioregionaldigital.com.br\/index.php?rest_route=\/wp\/v2\/users\/246"}],"replies":[{"embeddable":true,"href":"https:\/\/diarioregionaldigital.com.br\/index.php?rest_route=%2Fwp%2Fv2%2Fcomments&post=211206"}],"version-history":[{"count":1,"href":"https:\/\/diarioregionaldigital.com.br\/index.php?rest_route=\/wp\/v2\/posts\/211206\/revisions"}],"predecessor-version":[{"id":211208,"href":"https:\/\/diarioregionaldigital.com.br\/index.php?rest_route=\/wp\/v2\/posts\/211206\/revisions\/211208"}],"wp:featuredmedia":[{"embeddable":true,"href":"https:\/\/diarioregionaldigital.com.br\/index.php?rest_route=\/wp\/v2\/media\/211207"}],"wp:attachment":[{"href":"https:\/\/diarioregionaldigital.com.br\/index.php?rest_route=%2Fwp%2Fv2%2Fmedia&parent=211206"}],"wp:term":[{"taxonomy":"category","embeddable":true,"href":"https:\/\/diarioregionaldigital.com.br\/index.php?rest_route=%2Fwp%2Fv2%2Fcategories&post=211206"},{"taxonomy":"post_tag","embeddable":true,"href":"https:\/\/diarioregionaldigital.com.br\/index.php?rest_route=%2Fwp%2Fv2%2Ftags&post=211206"}],"curies":[{"name":"wp","href":"https:\/\/api.w.org\/{rel}","templated":true}]}}