{"id":211203,"date":"2023-03-09T21:13:22","date_gmt":"2023-03-10T00:13:22","guid":{"rendered":"https:\/\/diarioregionaldigital.com.br\/?p=211203"},"modified":"2023-03-09T21:13:22","modified_gmt":"2023-03-10T00:13:22","slug":"deputadas-destacam-desafios-para-garantia-de-direitos-das-mulheres","status":"publish","type":"post","link":"https:\/\/diarioregionaldigital.com.br\/?p=211203","title":{"rendered":"Deputadas destacam desafios para garantia de direitos das mulheres"},"content":{"rendered":"<p>Em homenagem ao Dia Internacional da Mulher, a C\u00e2mara dos Deputados realizou, na manh\u00e3 desta quarta-feira (8), uma sess\u00e3o solene. V\u00e1rias parlamentares discursaram no plen\u00e1rio da Casa para homenagear outras mulheres, enumerar as conquistas e, sobretudo, tratar de desafios para garantir diversos direitos das mulheres brasileiras.<img decoding=\"async\" src=\"https:\/\/agenciabrasil.ebc.com.br\/ebc.png?id=1515157&amp;o=node\" \/><img decoding=\"async\" src=\"https:\/\/agenciabrasil.ebc.com.br\/ebc.gif?id=1515157&amp;o=node\" \/><\/p>\n<p>A procuradora da Mulher na C\u00e2mara, a deputada Maria Rosas (Republicanos-SP), destacou que, em 2022, com apenas 77 deputadas, a bancada feminina conseguiu levar 280 projetos para a pauta da Casa, dos quais 83 deles se tornaram leis. E tratou de representa\u00e7\u00e3o pol\u00edtica. \u201c\u00c9 preciso ampliar as campanhas de incentivo. Mais mulheres na pol\u00edtica resultam no fortalecimento da pr\u00f3pria democracia, oportunizando um debate nacional, mais rico de interesses, opini\u00f5es e perspectivas\u201d.<\/p>\n<p>Em seu discurso, S\u00e2mia Bomfim (Psol-SP) frisou que \u201c8 de mar\u00e7o, mais do que um dia de celebra\u00e7\u00e3o, chocolate e flores, \u00e9 um dia de luta\u201d. A parlamentar acrescentou que, no \u00faltimo ano, todas as formas de viol\u00eancia contra as mulheres aumentaram no Brasil. Dentre elas, amea\u00e7a, espancamento, tentativa de assassinato, feminic\u00eddio. \u201cTudo piorou para as mulheres brasileiras\u201d.<\/p>\n<p>A primeira ind\u00edgena eleita deputada federal por Minas Gerais, C\u00e9lia Xacriab\u00e1 (PSOL) cantou, ao lado de duas mulheres ind\u00edgenas, Ingrid Sater\u00e9-Maw\u00e9 e Kerexu Yxapyry, a m\u00fasica\u00a0<em>O futuro ser\u00e1 ancestral ou n\u00e3o ser\u00e1<\/em>. A parlamentar defendeu a chamada \u2018bancada do cocar\u201d e o poder da floresta de p\u00e9. \u201cO Brasil come\u00e7a das mulheres, come\u00e7a das mulheres ind\u00edgenas. N\u00e3o adianta vir a esse plen\u00e1rio gritar e falar muito de amor \u00e0 p\u00e1tria sem respeitar as mulheres-mater. O Brasil nasce de n\u00f3s. Estamos aqui para dizer que queremos estar em todos os lugares\u201d.<\/p>\n<h2>Sociedade civil<\/h2>\n<p>Na sess\u00e3o solene da C\u00e2mara Federal, representantes da sociedade civil tamb\u00e9m se posicionaram no plen\u00e1rio. Dentre elas, a diretora do Instituto Marielle Franco, L\u00edgia Batista. Ela comemorou o lan\u00e7amento do Dia de Enfrentamento \u00e0 Viol\u00eancia Pol\u00edtica, em 14 de mar\u00e7o, em homenagem \u00e0 vereadora assassinada.<\/p>\n<p>\u201cQue essa possa ser uma oportunidade para que todas as institui\u00e7\u00f5es, inclusive as casas legislativas que comp\u00f5e esse Congresso, se comprometam com a efetiva\u00e7\u00e3o e a estrutura\u00e7\u00e3o de \u00f3rg\u00e3os e mecanismos robustos de combate a viol\u00eancia pol\u00edtica baseada em g\u00eanero e ra\u00e7a\u201d.<\/p>\n<p><span style=\"font-weight: 400;\">Fonte: Ag\u00eancia Brasil <\/span><\/p>\n","protected":false},"excerpt":{"rendered":"<p>Em homenagem ao Dia Internacional da Mulher, a C\u00e2mara dos Deputados realizou, na manh\u00e3 desta quarta-feira (8), uma sess\u00e3o solene. V\u00e1rias parlamentares discursaram no plen\u00e1rio da Casa para homenagear outras mulheres, enumerar as conquistas e, sobretudo, tratar de desafios para garantir diversos direitos das mulheres brasileiras. A procuradora da Mulher na C\u00e2mara, a deputada Maria [&hellip;]<\/p>\n","protected":false},"author":246,"featured_media":211204,"comment_status":"closed","ping_status":"closed","sticky":false,"template":"","format":"standard","meta":{"footnotes":""},"categories":[436,254,439],"tags":[],"class_list":["post-211203","post","type-post","status-publish","format-standard","has-post-thumbnail","hentry","category-destaque-da-semana","category-politica","category-ultima-hora"],"_links":{"self":[{"href":"https:\/\/diarioregionaldigital.com.br\/index.php?rest_route=\/wp\/v2\/posts\/211203","targetHints":{"allow":["GET"]}}],"collection":[{"href":"https:\/\/diarioregionaldigital.com.br\/index.php?rest_route=\/wp\/v2\/posts"}],"about":[{"href":"https:\/\/diarioregionaldigital.com.br\/index.php?rest_route=\/wp\/v2\/types\/post"}],"author":[{"embeddable":true,"href":"https:\/\/diarioregionaldigital.com.br\/index.php?rest_route=\/wp\/v2\/users\/246"}],"replies":[{"embeddable":true,"href":"https:\/\/diarioregionaldigital.com.br\/index.php?rest_route=%2Fwp%2Fv2%2Fcomments&post=211203"}],"version-history":[{"count":1,"href":"https:\/\/diarioregionaldigital.com.br\/index.php?rest_route=\/wp\/v2\/posts\/211203\/revisions"}],"predecessor-version":[{"id":211205,"href":"https:\/\/diarioregionaldigital.com.br\/index.php?rest_route=\/wp\/v2\/posts\/211203\/revisions\/211205"}],"wp:featuredmedia":[{"embeddable":true,"href":"https:\/\/diarioregionaldigital.com.br\/index.php?rest_route=\/wp\/v2\/media\/211204"}],"wp:attachment":[{"href":"https:\/\/diarioregionaldigital.com.br\/index.php?rest_route=%2Fwp%2Fv2%2Fmedia&parent=211203"}],"wp:term":[{"taxonomy":"category","embeddable":true,"href":"https:\/\/diarioregionaldigital.com.br\/index.php?rest_route=%2Fwp%2Fv2%2Fcategories&post=211203"},{"taxonomy":"post_tag","embeddable":true,"href":"https:\/\/diarioregionaldigital.com.br\/index.php?rest_route=%2Fwp%2Fv2%2Ftags&post=211203"}],"curies":[{"name":"wp","href":"https:\/\/api.w.org\/{rel}","templated":true}]}}