{"id":211199,"date":"2023-03-09T21:11:11","date_gmt":"2023-03-10T00:11:11","guid":{"rendered":"https:\/\/diarioregionaldigital.com.br\/?p=211199"},"modified":"2023-03-09T21:11:11","modified_gmt":"2023-03-10T00:11:11","slug":"camara-aprova-criacao-do-selo-empresa-amiga-da-mulher","status":"publish","type":"post","link":"https:\/\/diarioregionaldigital.com.br\/?p=211199","title":{"rendered":"C\u00e2mara aprova cria\u00e7\u00e3o do selo &#8220;Empresa Amiga da Mulher&#8221;"},"content":{"rendered":"<p>A C\u00e2mara dos Deputados aprovou, nesta quarta-feira (8), um projeto de lei que cria o selo \u201cEmpresa Amiga da Mulher\u201d, a ser concedido a empresas que adotarem percentuais m\u00ednimos de contrata\u00e7\u00e3o de mulheres v\u00edtimas de viol\u00eancia dom\u00e9stica.<img decoding=\"async\" src=\"https:\/\/agenciabrasil.ebc.com.br\/ebc.png?id=1515150&amp;o=node\" \/><img decoding=\"async\" src=\"https:\/\/agenciabrasil.ebc.com.br\/ebc.gif?id=1515150&amp;o=node\" \/><\/p>\n<p>O projeto, da ex-deputada Rosa Neide (PT-MT), fixa em dois anos a validade m\u00ednima do selo, podendo ser renovado continuamente por igual per\u00edodo desde que a empresa comprove a manuten\u00e7\u00e3o dos crit\u00e9rios legais e do regulamento.<\/p>\n<p>A norma tamb\u00e9m define crit\u00e9rios e procedimentos para concess\u00e3o, renova\u00e7\u00e3o e perda do selo, bem como a sua forma de utiliza\u00e7\u00e3o e de divulga\u00e7\u00e3o.<\/p>\n<p>O texto aprovado \u00e9 o substitutivo apresentado pela deputada Erika Kokay (PT-DF) ao Projeto de Lei 3792\/19. Agora, o texto segue para an\u00e1lise no Senado Federal.<\/p>\n<p><span style=\"font-weight: 400;\"><br \/>\n<\/span><span style=\"font-weight: 400;\">Fonte: Ag\u00eancia Brasil <\/span><\/p>\n","protected":false},"excerpt":{"rendered":"<p>A C\u00e2mara dos Deputados aprovou, nesta quarta-feira (8), um projeto de lei que cria o selo \u201cEmpresa Amiga da Mulher\u201d, a ser concedido a empresas que adotarem percentuais m\u00ednimos de contrata\u00e7\u00e3o de mulheres v\u00edtimas de viol\u00eancia dom\u00e9stica. O projeto, da ex-deputada Rosa Neide (PT-MT), fixa em dois anos a validade m\u00ednima do selo, podendo ser [&hellip;]<\/p>\n","protected":false},"author":246,"featured_media":211200,"comment_status":"closed","ping_status":"closed","sticky":false,"template":"","format":"standard","meta":{"footnotes":""},"categories":[436,254,439],"tags":[],"class_list":["post-211199","post","type-post","status-publish","format-standard","has-post-thumbnail","hentry","category-destaque-da-semana","category-politica","category-ultima-hora"],"_links":{"self":[{"href":"https:\/\/diarioregionaldigital.com.br\/index.php?rest_route=\/wp\/v2\/posts\/211199","targetHints":{"allow":["GET"]}}],"collection":[{"href":"https:\/\/diarioregionaldigital.com.br\/index.php?rest_route=\/wp\/v2\/posts"}],"about":[{"href":"https:\/\/diarioregionaldigital.com.br\/index.php?rest_route=\/wp\/v2\/types\/post"}],"author":[{"embeddable":true,"href":"https:\/\/diarioregionaldigital.com.br\/index.php?rest_route=\/wp\/v2\/users\/246"}],"replies":[{"embeddable":true,"href":"https:\/\/diarioregionaldigital.com.br\/index.php?rest_route=%2Fwp%2Fv2%2Fcomments&post=211199"}],"version-history":[{"count":1,"href":"https:\/\/diarioregionaldigital.com.br\/index.php?rest_route=\/wp\/v2\/posts\/211199\/revisions"}],"predecessor-version":[{"id":211201,"href":"https:\/\/diarioregionaldigital.com.br\/index.php?rest_route=\/wp\/v2\/posts\/211199\/revisions\/211201"}],"wp:featuredmedia":[{"embeddable":true,"href":"https:\/\/diarioregionaldigital.com.br\/index.php?rest_route=\/wp\/v2\/media\/211200"}],"wp:attachment":[{"href":"https:\/\/diarioregionaldigital.com.br\/index.php?rest_route=%2Fwp%2Fv2%2Fmedia&parent=211199"}],"wp:term":[{"taxonomy":"category","embeddable":true,"href":"https:\/\/diarioregionaldigital.com.br\/index.php?rest_route=%2Fwp%2Fv2%2Fcategories&post=211199"},{"taxonomy":"post_tag","embeddable":true,"href":"https:\/\/diarioregionaldigital.com.br\/index.php?rest_route=%2Fwp%2Fv2%2Ftags&post=211199"}],"curies":[{"name":"wp","href":"https:\/\/api.w.org\/{rel}","templated":true}]}}