{"id":211196,"date":"2023-03-09T21:09:47","date_gmt":"2023-03-10T00:09:47","guid":{"rendered":"https:\/\/diarioregionaldigital.com.br\/?p=211196"},"modified":"2023-03-09T21:09:47","modified_gmt":"2023-03-10T00:09:47","slug":"projeto-define-como-crime-condicionar-servico-publico-a-ato-sexual","status":"publish","type":"post","link":"https:\/\/diarioregionaldigital.com.br\/?p=211196","title":{"rendered":"Projeto define como crime condicionar servi\u00e7o p\u00fablico a ato sexual"},"content":{"rendered":"<p>O Projeto de Lei 4534\/21, que tipifica crime de abuso de poder em troca de atividade sexual, foi aprovado pelo plen\u00e1rio da C\u00e2mara dos Deputados, na noite dessa quarta-feira (8). O texto teve parecer favor\u00e1vel da deputada Maria do Ros\u00e1rio (PT-RS), relatora na Comiss\u00e3o de Constitui\u00e7\u00e3o e Justi\u00e7a e de Cidadania (CCJ). A proposta agora vai para an\u00e1lise e vota\u00e7\u00e3o no Senado.<img decoding=\"async\" src=\"https:\/\/agenciabrasil.ebc.com.br\/ebc.png?id=1515207&amp;o=node\" \/><img decoding=\"async\" src=\"https:\/\/agenciabrasil.ebc.com.br\/ebc.gif?id=1515207&amp;o=node\" \/><\/p>\n<p>O projeto, da deputada Tabata Amaral (PSB-SP), estabelece nova tipifica\u00e7\u00e3o no C\u00f3digo Penal e define pena de reclus\u00e3o de 2 a 6 anos. Na situa\u00e7\u00e3o em que a atividade sexual for consumada, a pena \u00e9 agravada e passa a ser de 6 a 10 anos de reclus\u00e3o. Caso o agente seja funcion\u00e1rio p\u00fablico, ela ser\u00e1 somada \u00e0quela que trata de crime contra a administra\u00e7\u00e3o p\u00fablica.<\/p>\n<p>Tabata Amaral citou dados da organiza\u00e7\u00e3o Transpar\u00eancia Internacional, segundo os quais, em 2019, na Am\u00e9rica Latina, uma em cada cinco pessoas foi v\u00edtima ou conhecia v\u00edtimas desse tipo de conduta quando buscaram algum servi\u00e7o p\u00fablico.<\/p>\n<p>J\u00e1 a relatora Maria do Ros\u00e1rio disse que a aprova\u00e7\u00e3o do projeto vai preencher lacuna legislativa existente no Brasil, \u201cmas tamb\u00e9m servir\u00e1 de refer\u00eancia internacional diante da lacuna tamb\u00e9m existente nas leis dos demais pa\u00edses e em tratados e conven\u00e7\u00f5es internacionais\u201d.<\/p>\n<p><span style=\"font-weight: 400;\">Fonte:\u00a0 Ag\u00eancia C\u00e2mara de Not\u00edcias<\/span><\/p>\n","protected":false},"excerpt":{"rendered":"<p>O Projeto de Lei 4534\/21, que tipifica crime de abuso de poder em troca de atividade sexual, foi aprovado pelo plen\u00e1rio da C\u00e2mara dos Deputados, na noite dessa quarta-feira (8). O texto teve parecer favor\u00e1vel da deputada Maria do Ros\u00e1rio (PT-RS), relatora na Comiss\u00e3o de Constitui\u00e7\u00e3o e Justi\u00e7a e de Cidadania (CCJ). A proposta agora [&hellip;]<\/p>\n","protected":false},"author":246,"featured_media":211197,"comment_status":"closed","ping_status":"closed","sticky":false,"template":"","format":"standard","meta":{"footnotes":""},"categories":[436,254,439],"tags":[],"class_list":["post-211196","post","type-post","status-publish","format-standard","has-post-thumbnail","hentry","category-destaque-da-semana","category-politica","category-ultima-hora"],"_links":{"self":[{"href":"https:\/\/diarioregionaldigital.com.br\/index.php?rest_route=\/wp\/v2\/posts\/211196","targetHints":{"allow":["GET"]}}],"collection":[{"href":"https:\/\/diarioregionaldigital.com.br\/index.php?rest_route=\/wp\/v2\/posts"}],"about":[{"href":"https:\/\/diarioregionaldigital.com.br\/index.php?rest_route=\/wp\/v2\/types\/post"}],"author":[{"embeddable":true,"href":"https:\/\/diarioregionaldigital.com.br\/index.php?rest_route=\/wp\/v2\/users\/246"}],"replies":[{"embeddable":true,"href":"https:\/\/diarioregionaldigital.com.br\/index.php?rest_route=%2Fwp%2Fv2%2Fcomments&post=211196"}],"version-history":[{"count":1,"href":"https:\/\/diarioregionaldigital.com.br\/index.php?rest_route=\/wp\/v2\/posts\/211196\/revisions"}],"predecessor-version":[{"id":211198,"href":"https:\/\/diarioregionaldigital.com.br\/index.php?rest_route=\/wp\/v2\/posts\/211196\/revisions\/211198"}],"wp:featuredmedia":[{"embeddable":true,"href":"https:\/\/diarioregionaldigital.com.br\/index.php?rest_route=\/wp\/v2\/media\/211197"}],"wp:attachment":[{"href":"https:\/\/diarioregionaldigital.com.br\/index.php?rest_route=%2Fwp%2Fv2%2Fmedia&parent=211196"}],"wp:term":[{"taxonomy":"category","embeddable":true,"href":"https:\/\/diarioregionaldigital.com.br\/index.php?rest_route=%2Fwp%2Fv2%2Fcategories&post=211196"},{"taxonomy":"post_tag","embeddable":true,"href":"https:\/\/diarioregionaldigital.com.br\/index.php?rest_route=%2Fwp%2Fv2%2Ftags&post=211196"}],"curies":[{"name":"wp","href":"https:\/\/api.w.org\/{rel}","templated":true}]}}