{"id":211193,"date":"2023-03-09T21:07:41","date_gmt":"2023-03-10T00:07:41","guid":{"rendered":"https:\/\/diarioregionaldigital.com.br\/?p=211193"},"modified":"2023-03-09T21:07:41","modified_gmt":"2023-03-10T00:07:41","slug":"depoimento-de-torres-a-cpi-sera-em-reuniao-fechada-no-dia-16","status":"publish","type":"post","link":"https:\/\/diarioregionaldigital.com.br\/?p=211193","title":{"rendered":"Depoimento de Torres \u00e0 CPI ser\u00e1 em reuni\u00e3o fechada no dia 16"},"content":{"rendered":"<p>O ex-secret\u00e1rio de Seguran\u00e7a P\u00fablica do Distrito Federal\u00a0(DF) Anderson Torres, deve depor na Comiss\u00e3o Parlamentar de Inqu\u00e9rito (CPI) dos Atos Antidemocr\u00e1ticos em reuni\u00e3o fechada. A decis\u00e3o, aprovada\u00a0na manh\u00e3 desta quinta-feira (9), no plen\u00e1rio da C\u00e2mara Legislativa do DF,\u00a0foi resultado de um pedido do deputado distrital Chico Vigilante\u00a0 (PT), presidente da comiss\u00e3o, e assinado pelos cinco\u00a0membros da CPI.<img decoding=\"async\" src=\"https:\/\/agenciabrasil.ebc.com.br\/ebc.png?id=1515224&amp;o=node\" \/><img decoding=\"async\" src=\"https:\/\/agenciabrasil.ebc.com.br\/ebc.gif?id=1515224&amp;o=node\" \/><\/p>\n<p>O depoimento de Torres estava marcado para esta quinta-feira, mas o ministro Alexandre de Moraes, do Supremo Tribunal Federal (STF),\u00a0<a href=\"https:\/\/agenciabrasil.ebc.com.br\/justica\/noticia\/2023-03\/moraes-autoriza-torres-ficar-em-silencio-em-depoimento-cpi\" target=\"_blank\" rel=\"noopener\">autorizou\u00a0<\/a>que o ex-secret\u00e1rio ficasse em sil\u00eancio durante a sess\u00e3o e deu a op\u00e7\u00e3o de ele comparecer ou n\u00e3o. Diante disso, a defesa do acusado\u00a0pediu que o depoimento fosse feito de maneira fechada, para evitar a exposi\u00e7\u00e3o na m\u00eddia.<\/p>\n<p>A reuni\u00e3o reservada est\u00e1 marcada para a manh\u00e3 do dia 16 de mar\u00e7o, apenas com a presen\u00e7a dos membros da CPI. Chico Vigilante destacou que Torres tem o direito de n\u00e3o querer se expor, mas que a comiss\u00e3o precisa ouvi-lo.<\/p>\n<p>&#8220;Ele disse que tem muito a falar, que quer falar. E\u00a0n\u00f3s queremos que ele fale. Portanto, n\u00f3s estamos apresentando um requerimento colocando todas as condi\u00e7\u00f5es\u00a0para que ele venha, sem a exposi\u00e7\u00e3o, ele tem direito de n\u00e3o expor a imagem dele, mas n\u00f3s n\u00e3o queremos a imagem, queremos a fala dele&#8221;, disse o deputado.<\/p>\n<p>O deputado distrital F\u00e1bio Felix (PSOL) votou a favor do pedido, mas destacou que os depoimentos fechados n\u00e3o podem se tornar rotina nas CPIs porque s\u00e3o assuntos de interesse de toda a sociedade.<\/p>\n<p>&#8220;Eu acho que a comiss\u00e3o parlamentar de inqu\u00e9rito cumpre um papel fundamental de trazer tamb\u00e9m transpar\u00eancia para a sociedade dos\u00a0<a href=\"https:\/\/agenciabrasil.ebc.com.br\/geral\/noticia\/2022-12\/manifestantes-tentam-invadir-sede-da-pf-e-queimam-carros-e-onibus-no-df\" target=\"_blank\" rel=\"noopener\">fatos ocorridos tanto no dia 12 de dezembro<\/a>\u00a0quanto no dia 8 de janeiro. ent\u00e3o \u00e9 fundamental que esse caso, que \u00e9 um caso fundamental para esta C\u00e2mara, seja exce\u00e7\u00e3o&#8221;, disse\u00a0F\u00e1bio Felix.<\/p>\n<p>Torres est\u00e1 preso\u00a0<a href=\"https:\/\/agenciabrasil.ebc.com.br\/politica\/noticia\/2023-01\/anderson-torres-e-preso-pela-pf-apos-desembarcar-em-brasilia\" target=\"_blank\" rel=\"noopener\">desde o dia 14 de janeiro<\/a>. Ele \u00e9 investigado por suspeita de omiss\u00e3o durante os atos golpistas em Bras\u00edlia, no dia 8 de janeiro. O ex-secret\u00e1rio, que tamb\u00e9m foi ministro da Justi\u00e7a no governo Jair Bolsonaro,\u00a0nega as acusa\u00e7\u00f5es.<\/p>\n<p>Na sess\u00e3o da manh\u00e3 desta quinta, a C\u00e2mara Legislativa tamb\u00e9m aprovou a convoca\u00e7\u00e3o de outras autoridades para depor na CPI, como a coronel da Pol\u00edcia Militar do Distrito Federal\u00a0Cintia Queiroz de Castro, que \u00e9 subsecret\u00e1ria de Opera\u00e7\u00f5es Integradas da Secretaria de Seguran\u00e7a P\u00fablica do DF.<\/p>\n<p><span style=\"font-weight: 400;\">Fonte: Ag\u00eancia Brasil <\/span><\/p>\n","protected":false},"excerpt":{"rendered":"<p>O ex-secret\u00e1rio de Seguran\u00e7a P\u00fablica do Distrito Federal\u00a0(DF) Anderson Torres, deve depor na Comiss\u00e3o Parlamentar de Inqu\u00e9rito (CPI) dos Atos Antidemocr\u00e1ticos em reuni\u00e3o fechada. A decis\u00e3o, aprovada\u00a0na manh\u00e3 desta quinta-feira (9), no plen\u00e1rio da C\u00e2mara Legislativa do DF,\u00a0foi resultado de um pedido do deputado distrital Chico Vigilante\u00a0 (PT), presidente da comiss\u00e3o, e assinado pelos cinco\u00a0membros [&hellip;]<\/p>\n","protected":false},"author":246,"featured_media":211194,"comment_status":"closed","ping_status":"closed","sticky":false,"template":"","format":"standard","meta":{"footnotes":""},"categories":[436,440,254,439],"tags":[],"class_list":["post-211193","post","type-post","status-publish","format-standard","has-post-thumbnail","hentry","category-destaque-da-semana","category-destaques-do-dia","category-politica","category-ultima-hora"],"_links":{"self":[{"href":"https:\/\/diarioregionaldigital.com.br\/index.php?rest_route=\/wp\/v2\/posts\/211193","targetHints":{"allow":["GET"]}}],"collection":[{"href":"https:\/\/diarioregionaldigital.com.br\/index.php?rest_route=\/wp\/v2\/posts"}],"about":[{"href":"https:\/\/diarioregionaldigital.com.br\/index.php?rest_route=\/wp\/v2\/types\/post"}],"author":[{"embeddable":true,"href":"https:\/\/diarioregionaldigital.com.br\/index.php?rest_route=\/wp\/v2\/users\/246"}],"replies":[{"embeddable":true,"href":"https:\/\/diarioregionaldigital.com.br\/index.php?rest_route=%2Fwp%2Fv2%2Fcomments&post=211193"}],"version-history":[{"count":1,"href":"https:\/\/diarioregionaldigital.com.br\/index.php?rest_route=\/wp\/v2\/posts\/211193\/revisions"}],"predecessor-version":[{"id":211195,"href":"https:\/\/diarioregionaldigital.com.br\/index.php?rest_route=\/wp\/v2\/posts\/211193\/revisions\/211195"}],"wp:featuredmedia":[{"embeddable":true,"href":"https:\/\/diarioregionaldigital.com.br\/index.php?rest_route=\/wp\/v2\/media\/211194"}],"wp:attachment":[{"href":"https:\/\/diarioregionaldigital.com.br\/index.php?rest_route=%2Fwp%2Fv2%2Fmedia&parent=211193"}],"wp:term":[{"taxonomy":"category","embeddable":true,"href":"https:\/\/diarioregionaldigital.com.br\/index.php?rest_route=%2Fwp%2Fv2%2Fcategories&post=211193"},{"taxonomy":"post_tag","embeddable":true,"href":"https:\/\/diarioregionaldigital.com.br\/index.php?rest_route=%2Fwp%2Fv2%2Ftags&post=211193"}],"curies":[{"name":"wp","href":"https:\/\/api.w.org\/{rel}","templated":true}]}}