{"id":211190,"date":"2023-03-09T20:52:19","date_gmt":"2023-03-09T23:52:19","guid":{"rendered":"https:\/\/diarioregionaldigital.com.br\/?p=211190"},"modified":"2023-03-09T20:52:19","modified_gmt":"2023-03-09T23:52:19","slug":"soja-impulsiona-em-206-a-producao-de-graos-na-safra-2022-23","status":"publish","type":"post","link":"https:\/\/diarioregionaldigital.com.br\/?p=211190","title":{"rendered":"Soja impulsiona em 20,6% a produ\u00e7\u00e3o de gr\u00e3os na safra 2022\/23"},"content":{"rendered":"<p>A produ\u00e7\u00e3o nacional de gr\u00e3os na safra 2022\/23 pode alcan\u00e7ar 309,9 milh\u00f5es de toneladas. Quase metade desse volume vem das lavouras de soja, representando uma colheita em torno de 151,4 milh\u00f5es de toneladas. Os dados s\u00e3o do 6\u00ba Levantamento da Safra de Gr\u00e3os, divulgado nesta quinta-feira (9) pela Companhia Nacional de Abastecimento (Conab).<img decoding=\"async\" src=\"https:\/\/agenciabrasil.ebc.com.br\/ebc.png?id=1515215&amp;o=node\" \/><img decoding=\"async\" src=\"https:\/\/agenciabrasil.ebc.com.br\/ebc.gif?id=1515215&amp;o=node\" \/><\/p>\n<p>Segundo a Conab, esse volume, se confirmado, representa um aumento de 20,6% acima ao registrado no per\u00edodo anterior, o que indica uma recupera\u00e7\u00e3o na produtividade das lavouras, que foram atingidas pelas condi\u00e7\u00f5es clim\u00e1ticas adversas no per\u00edodo de 2021\/22.<\/p>\n<p>\u201cA atual estimativa de produ\u00e7\u00e3o da oleaginosa cresce se comparada com o ciclo passado, mas representa uma varia\u00e7\u00e3o negativa de 1% em rela\u00e7\u00e3o ao \u00faltimo an\u00fancio da Conab devido \u00e0 intensifica\u00e7\u00e3o, em fevereiro, dos danos causados pela estiagem no Rio Grande do Sul. No entanto, essas perdas foram compensadas, em parte, pelos ganhos observados em Tocantins, S\u00e3o Paulo, Goi\u00e1s e Mato Grosso do Sul\u201d, disse o presidente da companhia, Guilherme Ribeiro.<\/p>\n<p>A Conab informa ainda que a colheita avan\u00e7a em todas as regi\u00f5es produtoras, com percentuais abaixo na compara\u00e7\u00e3o com a safra 2021\/22. O ritmo mais lento \u00e9 explicado por causas espec\u00edficas, entre elas, o excesso de chuvas, que dificulta o tr\u00e1fego de m\u00e1quinas nas lavouras e as precipita\u00e7\u00f5es durante a colheita.<\/p>\n<p>O levantamento ressalta que, em algumas \u00e1reas, o plantio da soja foi realizado de forma tardia, como em determinados locais produtores de Goi\u00e1s e do Matopiba (\u00e1rea que engloba os estados de Mato Grosso, do Tocantins, Piau\u00ed e da Bahia), enquanto que em outras regi\u00f5es foi registrada ocorr\u00eancia de temperatura mais baixa, o que trouxe impacto no desenvolvimento do gr\u00e3o, alongando o ciclo da cultura.<\/p>\n<p>Esse atraso traz impactos na semeadura do milho 2\u00aa safra, que j\u00e1 tem semeada 63,6% da \u00e1rea prevista para a cultura em todo o pa\u00eds. No mesmo per\u00edodo do ano passado, esse \u00edndice chegava pr\u00f3ximo de 75%. Ainda assim, a companhia projeta um crescimento na produ\u00e7\u00e3o de 11,3% podendo chegar a 95,6 milh\u00f5es de toneladas.<\/p>\n<p>\u201c\u00c9 importante destacar que semear o milho fora da janela ideal pode aumentar os riscos durante o desenvolvimento das lavouras, e n\u00e3o h\u00e1 garantia de como a cultura ir\u00e1 se desenvolver em condi\u00e7\u00f5es clim\u00e1ticas adversas\u201d, diz a superintendente de Informa\u00e7\u00f5es da Agropecu\u00e1ria da Conab, Candice Romero Santos.<\/p>\n<p>J\u00e1 na primeira safra do cereal, a colheita esperada \u00e9 de aproximadamente 26,76 milh\u00f5es de toneladas, 6,9% acima da safra 2021\/22.<\/p>\n<p>O algod\u00e3o, outra importante cultura de 2\u00aa safra, j\u00e1 est\u00e1 completamente semeado. Houve aumento de 4% na \u00e1rea, atingindo 1,66 milh\u00e3o de hectares, informou a Conab. \u201cCom isso, a expectativa \u00e9 que a colheita da pluma atinja 2,78 milh\u00f5es de toneladas. Para o arroz, a produ\u00e7\u00e3o \u00e9 estimada em 9,9 milh\u00f5es de toneladas, 8,4% inferior ao volume produzido na safra passada devido \u00e0 redu\u00e7\u00e3o de \u00e1rea, aliada \u00e0s condi\u00e7\u00f5es clim\u00e1ticas adversas, sobretudo no Rio Grande do Sul, maior estado produtor. No caso do feij\u00e3o, a Conab estima uma colheita de 2,92 milh\u00f5es de toneladas, somando as tr\u00eas safras\u201d.<\/p>\n<p><span style=\"font-weight: 400;\">Fonte: Ag\u00eancia Brasil <\/span><\/p>\n","protected":false},"excerpt":{"rendered":"<p>A produ\u00e7\u00e3o nacional de gr\u00e3os na safra 2022\/23 pode alcan\u00e7ar 309,9 milh\u00f5es de toneladas. Quase metade desse volume vem das lavouras de soja, representando uma colheita em torno de 151,4 milh\u00f5es de toneladas. Os dados s\u00e3o do 6\u00ba Levantamento da Safra de Gr\u00e3os, divulgado nesta quinta-feira (9) pela Companhia Nacional de Abastecimento (Conab). Segundo a [&hellip;]<\/p>\n","protected":false},"author":246,"featured_media":211191,"comment_status":"closed","ping_status":"closed","sticky":false,"template":"","format":"standard","meta":{"footnotes":""},"categories":[436,261,439],"tags":[],"class_list":["post-211190","post","type-post","status-publish","format-standard","has-post-thumbnail","hentry","category-destaque-da-semana","category-economia","category-ultima-hora"],"_links":{"self":[{"href":"https:\/\/diarioregionaldigital.com.br\/index.php?rest_route=\/wp\/v2\/posts\/211190","targetHints":{"allow":["GET"]}}],"collection":[{"href":"https:\/\/diarioregionaldigital.com.br\/index.php?rest_route=\/wp\/v2\/posts"}],"about":[{"href":"https:\/\/diarioregionaldigital.com.br\/index.php?rest_route=\/wp\/v2\/types\/post"}],"author":[{"embeddable":true,"href":"https:\/\/diarioregionaldigital.com.br\/index.php?rest_route=\/wp\/v2\/users\/246"}],"replies":[{"embeddable":true,"href":"https:\/\/diarioregionaldigital.com.br\/index.php?rest_route=%2Fwp%2Fv2%2Fcomments&post=211190"}],"version-history":[{"count":1,"href":"https:\/\/diarioregionaldigital.com.br\/index.php?rest_route=\/wp\/v2\/posts\/211190\/revisions"}],"predecessor-version":[{"id":211192,"href":"https:\/\/diarioregionaldigital.com.br\/index.php?rest_route=\/wp\/v2\/posts\/211190\/revisions\/211192"}],"wp:featuredmedia":[{"embeddable":true,"href":"https:\/\/diarioregionaldigital.com.br\/index.php?rest_route=\/wp\/v2\/media\/211191"}],"wp:attachment":[{"href":"https:\/\/diarioregionaldigital.com.br\/index.php?rest_route=%2Fwp%2Fv2%2Fmedia&parent=211190"}],"wp:term":[{"taxonomy":"category","embeddable":true,"href":"https:\/\/diarioregionaldigital.com.br\/index.php?rest_route=%2Fwp%2Fv2%2Fcategories&post=211190"},{"taxonomy":"post_tag","embeddable":true,"href":"https:\/\/diarioregionaldigital.com.br\/index.php?rest_route=%2Fwp%2Fv2%2Ftags&post=211190"}],"curies":[{"name":"wp","href":"https:\/\/api.w.org\/{rel}","templated":true}]}}