{"id":211184,"date":"2023-03-09T20:43:56","date_gmt":"2023-03-09T23:43:56","guid":{"rendered":"https:\/\/diarioregionaldigital.com.br\/?p=211184"},"modified":"2023-03-09T20:43:56","modified_gmt":"2023-03-09T23:43:56","slug":"ibge-reduz-em-13-previsao-de-safra-para-este-ano","status":"publish","type":"post","link":"https:\/\/diarioregionaldigital.com.br\/?p=211184","title":{"rendered":"IBGE reduz em 1,3% previs\u00e3o de safra para este ano"},"content":{"rendered":"<p>O Instituto Brasileiro de Geografia e Estat\u00edstica (IBGE) divulgou hoje (9) uma nova previs\u00e3o para a safra de cereais, leguminosas e oleaginosas para este ano. O Levantamento Sistem\u00e1tico da Produ\u00e7\u00e3o Agr\u00edcola (LSPA), realizado em fevereiro deste ano, estimou produ\u00e7\u00e3o de 298 milh\u00f5es de toneladas este ano.<img decoding=\"async\" src=\"https:\/\/agenciabrasil.ebc.com.br\/ebc.png?id=1515187&amp;o=node\" \/><img decoding=\"async\" src=\"https:\/\/agenciabrasil.ebc.com.br\/ebc.gif?id=1515187&amp;o=node\" \/><\/p>\n<p>A previs\u00e3o \u00e9 1,3% menor (ou 3,9 milh\u00f5es de toneladas a menos) do que aquela estimada na pesquisa anterior, de janeiro. A redu\u00e7\u00e3o deve-se principalmente \u00e0 estiagem provocada pela La Ni\u00f1a, no Rio Grande do Sul, terceiro maior produtor de gr\u00e3os do pa\u00eds, de acordo com o IBGE.<\/p>\n<p>Apesar disso, a safra deste ano deve ser 13,3% superior (34,9 milh\u00f5es de toneladas a mais) \u00e0 observada no ano passado.<\/p>\n<p>O recuo de janeiro para fevereiro deve-se principalmente \u00e0 redu\u00e7\u00e3o das previs\u00f5es nas safras de soja (-1,7% em rela\u00e7\u00e3o a janeiro), arroz (-2,5%), milho 1\u00aa safra (-2,5%) e milho 2\u00aa safra (-0,4%).<\/p>\n<p>Mesmo com os ajustes na previs\u00e3o, esperam-se aumentos, em rela\u00e7\u00e3o a 2022, nas safras de soja (21,3%), milho (10,2%) e algod\u00e3o herb\u00e1ceo (1,4%). \u201cA safra [de 298 milh\u00f5es de toneladas] \u00e9 recorde na s\u00e9rie hist\u00f3rica do IBGE. As produ\u00e7\u00f5es de soja e de milho tamb\u00e9m s\u00e3o recorde na s\u00e9rie hist\u00f3rica\u201d, afirma o pesquisador do instituto, Carlos Barradas.<\/p>\n<p>Por outro lado, s\u00e3o esperadas quedas nas safras de lavouras como o arroz (-6%) e o trigo (-13,8%).<\/p>\n<p>Em rela\u00e7\u00e3o \u00e0 \u00e1rea colhida, o IBGE estima crescimentos, em rela\u00e7\u00e3o ao ano passado, nos cultivos de soja (4,8%), milho (4,1%) e algod\u00e3o herb\u00e1ceo (1,2%). S\u00e3o esperadas quedas nas \u00e1reas a serem colhidas nas lavouras de arroz (-5,8%) e de trigo (-2,8%).<\/p>\n<p><span style=\"font-weight: 400;\">Fonte: Ag\u00eancia Brasil <\/span><\/p>\n","protected":false},"excerpt":{"rendered":"<p>O Instituto Brasileiro de Geografia e Estat\u00edstica (IBGE) divulgou hoje (9) uma nova previs\u00e3o para a safra de cereais, leguminosas e oleaginosas para este ano. O Levantamento Sistem\u00e1tico da Produ\u00e7\u00e3o Agr\u00edcola (LSPA), realizado em fevereiro deste ano, estimou produ\u00e7\u00e3o de 298 milh\u00f5es de toneladas este ano. A previs\u00e3o \u00e9 1,3% menor (ou 3,9 milh\u00f5es de [&hellip;]<\/p>\n","protected":false},"author":246,"featured_media":211185,"comment_status":"closed","ping_status":"closed","sticky":false,"template":"","format":"standard","meta":{"footnotes":""},"categories":[436,261,439],"tags":[],"class_list":["post-211184","post","type-post","status-publish","format-standard","has-post-thumbnail","hentry","category-destaque-da-semana","category-economia","category-ultima-hora"],"_links":{"self":[{"href":"https:\/\/diarioregionaldigital.com.br\/index.php?rest_route=\/wp\/v2\/posts\/211184","targetHints":{"allow":["GET"]}}],"collection":[{"href":"https:\/\/diarioregionaldigital.com.br\/index.php?rest_route=\/wp\/v2\/posts"}],"about":[{"href":"https:\/\/diarioregionaldigital.com.br\/index.php?rest_route=\/wp\/v2\/types\/post"}],"author":[{"embeddable":true,"href":"https:\/\/diarioregionaldigital.com.br\/index.php?rest_route=\/wp\/v2\/users\/246"}],"replies":[{"embeddable":true,"href":"https:\/\/diarioregionaldigital.com.br\/index.php?rest_route=%2Fwp%2Fv2%2Fcomments&post=211184"}],"version-history":[{"count":1,"href":"https:\/\/diarioregionaldigital.com.br\/index.php?rest_route=\/wp\/v2\/posts\/211184\/revisions"}],"predecessor-version":[{"id":211186,"href":"https:\/\/diarioregionaldigital.com.br\/index.php?rest_route=\/wp\/v2\/posts\/211184\/revisions\/211186"}],"wp:featuredmedia":[{"embeddable":true,"href":"https:\/\/diarioregionaldigital.com.br\/index.php?rest_route=\/wp\/v2\/media\/211185"}],"wp:attachment":[{"href":"https:\/\/diarioregionaldigital.com.br\/index.php?rest_route=%2Fwp%2Fv2%2Fmedia&parent=211184"}],"wp:term":[{"taxonomy":"category","embeddable":true,"href":"https:\/\/diarioregionaldigital.com.br\/index.php?rest_route=%2Fwp%2Fv2%2Fcategories&post=211184"},{"taxonomy":"post_tag","embeddable":true,"href":"https:\/\/diarioregionaldigital.com.br\/index.php?rest_route=%2Fwp%2Fv2%2Ftags&post=211184"}],"curies":[{"name":"wp","href":"https:\/\/api.w.org\/{rel}","templated":true}]}}