{"id":211171,"date":"2023-03-08T23:04:59","date_gmt":"2023-03-09T02:04:59","guid":{"rendered":"https:\/\/diarioregionaldigital.com.br\/?p=211171"},"modified":"2023-03-08T23:04:59","modified_gmt":"2023-03-09T02:04:59","slug":"pjf-atende-praca-do-bairro-monte-castelo-e-outros-17-espacos-com-poda-de-grama-nesta-quarta-feira-8","status":"publish","type":"post","link":"https:\/\/diarioregionaldigital.com.br\/?p=211171","title":{"rendered":"PJF atende pra\u00e7a do bairro Monte Castelo e outros 17 espa\u00e7os com poda de grama nesta quarta-feira, 8"},"content":{"rendered":"<p>Segundo informa\u00e7\u00f5es do site da Prefeitura de Juiz de Fora (PJF), o\u00a0Programa Boniteza, da Prefeitura de Juiz de Fora (PJF), segue a todo vapor. Nesta quarta-feira, 8, as equipes de limpeza e poda de grama estiveram em diversos pontos da cidade. Destaque para a Pra\u00e7a Francisco Assis Lopes, no bairro Monte Castelo, onde os trabalhos foram conclu\u00eddos e os frequentadores do espa\u00e7o j\u00e1 podem utilizar de um local limpo e seguro para divers\u00e3o e pr\u00e1ticas esportivas.<\/p>\n<p>Tamb\u00e9m receberam atendimento \u00e0s pra\u00e7as Alfredo Ferreira Lage, no bairro Manoel Hon\u00f3rio, da Baleia, no Bairu, Teot\u00f4nio Vilela, no Vitorino Braga, Guimar\u00e3es Rosa, no Quintas da Avenida, Padre Roberto Spawen, no bairro Santos Dumont, Almirante Tamandar\u00e9, no Ara\u00fajo, Francisco Bellei, no Jardim do Sol e da Rep\u00fablica, no Po\u00e7o Rico.<\/p>\n<p>Os trabalhos contribuem para tornar as pra\u00e7as um ambiente mais receptivo para a popula\u00e7\u00e3o, estimulando o conv\u00edvio social, deixando o espa\u00e7o p\u00fablico mais agrad\u00e1vel.<\/p>\n<p>Al\u00e9m das pra\u00e7as, a Empresa Municipal de Pavimenta\u00e7\u00e3o e Urbanidades (Empav) atuou tamb\u00e9m nos canteiros de alguns bairros do munic\u00edpio, como na Avenida Juscelino Kubitschek, no bairro Cidade do Sol,\u00a0 na Avenida Prefeito Mello Reis, no Aeroporto e conclu\u00edram os trabalhos nos canteiros centrais da Avenida Rio Branco, na altura do bairro Manoel Hon\u00f3rio.<\/p>\n<p>As a\u00e7\u00f5es da Empav seguem em andamento na cidade e a programa\u00e7\u00e3o di\u00e1ria completa pode ser conferida na p\u00e1gina do Gabinete de A\u00e7\u00e3o e Di\u00e1logo Comunit\u00e1rio atrav\u00e9s do<a href=\"https:\/\/www.pjf.mg.gov.br\/gabinetecomunitario\/#onde\">\u00a0link<\/a>. Para solicitar servi\u00e7os de zeladoria em vias p\u00fablicas, como tapa-buracos, poda e corte de \u00e1rvores, limpeza de pra\u00e7as e outros, entre em contato com o Gabinete de A\u00e7\u00e3o e Di\u00e1logo Comunit\u00e1rio, atrav\u00e9s do telefone (32) 3690-7241 (liga\u00e7\u00e3o ou WhatsApp).<\/p>\n","protected":false},"excerpt":{"rendered":"<p>Segundo informa\u00e7\u00f5es do site da Prefeitura de Juiz de Fora (PJF), o\u00a0Programa Boniteza, da Prefeitura de Juiz de Fora (PJF), segue a todo vapor. Nesta quarta-feira, 8, as equipes de limpeza e poda de grama estiveram em diversos pontos da cidade. Destaque para a Pra\u00e7a Francisco Assis Lopes, no bairro Monte Castelo, onde os trabalhos [&hellip;]<\/p>\n","protected":false},"author":246,"featured_media":211172,"comment_status":"closed","ping_status":"closed","sticky":false,"template":"","format":"standard","meta":{"footnotes":""},"categories":[253,436,439],"tags":[],"class_list":["post-211171","post","type-post","status-publish","format-standard","has-post-thumbnail","hentry","category-cidade","category-destaque-da-semana","category-ultima-hora"],"_links":{"self":[{"href":"https:\/\/diarioregionaldigital.com.br\/index.php?rest_route=\/wp\/v2\/posts\/211171","targetHints":{"allow":["GET"]}}],"collection":[{"href":"https:\/\/diarioregionaldigital.com.br\/index.php?rest_route=\/wp\/v2\/posts"}],"about":[{"href":"https:\/\/diarioregionaldigital.com.br\/index.php?rest_route=\/wp\/v2\/types\/post"}],"author":[{"embeddable":true,"href":"https:\/\/diarioregionaldigital.com.br\/index.php?rest_route=\/wp\/v2\/users\/246"}],"replies":[{"embeddable":true,"href":"https:\/\/diarioregionaldigital.com.br\/index.php?rest_route=%2Fwp%2Fv2%2Fcomments&post=211171"}],"version-history":[{"count":1,"href":"https:\/\/diarioregionaldigital.com.br\/index.php?rest_route=\/wp\/v2\/posts\/211171\/revisions"}],"predecessor-version":[{"id":211173,"href":"https:\/\/diarioregionaldigital.com.br\/index.php?rest_route=\/wp\/v2\/posts\/211171\/revisions\/211173"}],"wp:featuredmedia":[{"embeddable":true,"href":"https:\/\/diarioregionaldigital.com.br\/index.php?rest_route=\/wp\/v2\/media\/211172"}],"wp:attachment":[{"href":"https:\/\/diarioregionaldigital.com.br\/index.php?rest_route=%2Fwp%2Fv2%2Fmedia&parent=211171"}],"wp:term":[{"taxonomy":"category","embeddable":true,"href":"https:\/\/diarioregionaldigital.com.br\/index.php?rest_route=%2Fwp%2Fv2%2Fcategories&post=211171"},{"taxonomy":"post_tag","embeddable":true,"href":"https:\/\/diarioregionaldigital.com.br\/index.php?rest_route=%2Fwp%2Fv2%2Ftags&post=211171"}],"curies":[{"name":"wp","href":"https:\/\/api.w.org\/{rel}","templated":true}]}}