{"id":211168,"date":"2023-03-08T23:02:45","date_gmt":"2023-03-09T02:02:45","guid":{"rendered":"https:\/\/diarioregionaldigital.com.br\/?p=211168"},"modified":"2023-03-08T23:02:45","modified_gmt":"2023-03-09T02:02:45","slug":"feira-de-saude-e-cidadania-marca-comemoracoes-no-dia-da-mulher","status":"publish","type":"post","link":"https:\/\/diarioregionaldigital.com.br\/?p=211168","title":{"rendered":"Feira de Sa\u00fade e Cidadania marca comemora\u00e7\u00f5es no Dia da Mulher"},"content":{"rendered":"<p>Segundo informa\u00e7\u00f5es do site da Prefeitura de Juiz de Fora (PJF), na tarde desta quarta-feira, 8, o Conselho Municipal dos Direitos da Mulher, em parceria com a Secretaria Especial de Direitos Humanos (SEDH), da Prefeitura de Juiz de Fora (PJF), realizou mais um evento referente \u00e0 campanha \u201cMar\u00e7o, Mais Mulher, Mais Democracia\u201d. A Feira de Sa\u00fade e Cidadania aconteceu durante toda a tarde na Pra\u00e7a Dr. Jo\u00e3o Pessoa, em frente ao Teatro Central, e contou com diversas a\u00e7\u00f5es de sa\u00fade p\u00fablica e atividades culturais.<\/p>\n<p>As a\u00e7\u00f5es de sa\u00fade, como aferi\u00e7\u00e3o de press\u00e3o, testes de glicemia, plant\u00e3o de terapia, preven\u00e7\u00e3o e tratamento do tabagismo, al\u00e9m das atividades culturais, como apresenta\u00e7\u00f5es musicais, conta\u00e7\u00e3o de hist\u00f3rias, exposi\u00e7\u00f5es e oficinas de artesanato foram realizadas com o intuito de propagar o desenvolvimento das pol\u00edticas p\u00fablicas em defesa da mulher, que incluem sa\u00fade, bem estar e acesso a cultura.<\/p>\n<p>A coordenadora de Pol\u00edticas P\u00fablicas para a mulher da SEDH, Samara Miranda, refor\u00e7ou que \u00e9 de extrema import\u00e2ncia o conselho juntamente com a PJF, estar em um espa\u00e7o t\u00e3o emblem\u00e1tico na cidade como o cal\u00e7ad\u00e3o da rua Halfeld. \u201cA Secretaria de Direitos Humanos se fez presente em toda a constru\u00e7\u00e3o do processo, e estar aqui hoje, apresentando servi\u00e7os relacionados \u00e0 mulher, fazendo orienta\u00e7\u00f5es e tamb\u00e9m celebrando a trajet\u00f3ria feminina e sua hist\u00f3ria de conquistas \u00e9 muito gratificante.\u201d<\/p>\n<p>A iniciativa faz parte das comemora\u00e7\u00f5es pelo Dia Internacional da Mulher, celebrado nesta quarta-feira, 8 de mar\u00e7o, com atividades tem\u00e1ticas que seguir\u00e3o durante todo o m\u00eas. A programa\u00e7\u00e3o conta com a\u00e7\u00f5es internas e externas, elaboradas pelas secretarias e \u00f3rg\u00e3os da PJF. As atividades ter\u00e3o car\u00e1ter educativo, assistencial e cultural, incluindo quest\u00f5es de g\u00eanero, ass\u00e9dio, viol\u00eancia contra a mulher, empoderamento feminino, cultura, sa\u00fade, direito \u00e0 cidadania, educa\u00e7\u00e3o financeira e mercado de trabalho.<\/p>\n<p><strong>Confira a programa\u00e7\u00e3o do \u201cMar\u00e7o, Mais Mulher, Mais Democracia\u201d:<\/strong><br \/>\n9\/3 \u2013 10h: Roda de Conversa com mulheres venezuelanas atendidas pelo Centro de Refer\u00eancia em Direitos Humanos (SEDH)<\/p>\n<p>&nbsp;<\/p>\n<p>9\/3 &#8211; Exposi\u00e7\u00e3o dos trabalhos das oficineiras de Arterapia na Casa da Mulher, das 14h \u00e0s 17h.<\/p>\n<p>&nbsp;<\/p>\n<p>9\/3 \u2013 14h &#8211; Caminhando pela hist\u00f3ria &#8211; Edi\u00e7\u00e3o Dia Internacional das Mulheres &#8211; CCBM\/Mercado Municipal \/ Museu Ferrovi\u00e1rio &#8211; Secretaria de Turismo (Setur) e Funalfa<\/p>\n<p>&nbsp;<\/p>\n<p>9\/3 \u2013 Cesama &#8211; Palestra: Viol\u00eancia contra a mulher. Rua Vitorino Braga, 126, Vitorino Braga; 8h \u00e0s 11h30<\/p>\n<p>&nbsp;<\/p>\n<p>10\/3 \u2013 de 8h \u00e0s 12h &#8211; Palestra: Psicologia e Sa\u00fade Mental, Caf\u00e9 da Manh\u00e3 e Curso de Automaquiagem \u2013 Secretaria de Obras (SO)<\/p>\n<p>&nbsp;<\/p>\n<p>10\/3 \u201315h: Seppop realiza palestra: &#8220;Mulheres negras na educa\u00e7\u00e3o e a Lei 10.639&#8221;, no Audit\u00f3rio da Prefeitura, Avenida Brasil, 2001, 1\u00ba andar. O objetivo \u00e9 reunir servidoras e representantes da sociedade civil para dialogar sobre a invisibilidade da mulher negra na sociedade, a educa\u00e7\u00e3o como principal ferramenta de mudan\u00e7a, a inclus\u00e3o da &#8220;Hist\u00f3ria e Cultura Afro-Brasileira&#8221; e de que forma podem impactar no empoderamento e conhecimento do passado na perspectiva da supera\u00e7\u00e3o das desigualdades.<\/p>\n<p>&nbsp;<\/p>\n<p>10\/3 \u2013 15h: reuni\u00e3o na Casa da Mulher com a Rede de Enfrentamento \u00e0 Viol\u00eancia Dom\u00e9stica de Juiz de Fora.<\/p>\n<p>&nbsp;<\/p>\n<p>12\/3 \u2013 Evento Mulheres no Parque, das 9h \u00e0s 16h. Parque Municipal,\u00a0\u00a0R. do Cont\u00f4rno, 8, Nova Calif\u00f3rnia, 9h \u00e0s 16h. Todas as secretarias. Algumas das atividades: JF Lazer, aul\u00e3o de dan\u00e7a mix,cadastro social para habita\u00e7\u00e3o de interesse social e inscri\u00e7\u00f5es para oficinas de capacita\u00e7\u00e3o para mulheres, atividades educativas de tr\u00e2nsito para crian\u00e7as, informativo sobre a lei municipal &#8220;Meu corpo n\u00e3o \u00e9 coletivo&#8221;, e din\u00e2mica com distribui\u00e7\u00e3o de livros para mulheres, trilha guiada, aferi\u00e7\u00e3o de press\u00e3o, distribui\u00e7\u00e3o de preservativo, corte de cabelo, atendimento e orienta\u00e7\u00e3o para microempreendedoras pela sala do empreendedor, exposi\u00e7\u00e3o fotogr\u00e1fica com as servidoras do Demlurb, doa\u00e7\u00e3o de kits de higiene, promo\u00e7\u00e3o de Sa\u00fade Bucal -entrega de escovas e cremes dentais, orienta\u00e7\u00f5es sobre preven\u00e7\u00e3o ao c\u00e2ncer de Mama e m\u00e9todos contraceptivos, aferi\u00e7\u00e3o de press\u00e3o e glicemia e roda de conversa com o Coletivo Maria Maria &#8211; Tema: Hist\u00f3ria do feminismo, cultura do estupro e viol\u00eacia conta a mulher.<\/p>\n<p>&nbsp;<\/p>\n<p>14\/3 \u2013 9h: A\u00e7\u00e3o de beleza no Centro Pop.<\/p>\n<p>&nbsp;<\/p>\n<p>15 e 25\/3 &#8211; Panfletagem nos pontos de \u00f4nibus sobre a Lei Municipal n\u00ba 13787 &#8211; &#8220;Meu corpo n\u00e3o \u00e9 coletivo&#8221; (SMU)<\/p>\n<p>&nbsp;<\/p>\n<p>De 12 a 31\/3 &#8211; Exposi\u00e7\u00e3o de banner com mapeamento de mulheres que realizaram algo significativo no territ\u00f3rio\/comunidade, com QRCode para sugest\u00f5es da popula\u00e7\u00e3o sobre: &#8220;Se voc\u00ea conhece uma lideran\u00e7a feminina incr\u00edvel e que merece ser conhecida por todos, ent\u00e3o compartilha com a gente!&#8221;; exposi\u00e7\u00e3o e coleta de sugest\u00f5es com vistas a um mapeamento, que gerar\u00e1 um banner com novos nomes no pr\u00f3ximo 8\/3. Secretaria de Planejamento Urbano (Sepur)<\/p>\n<p>&nbsp;<\/p>\n<p>14\/3 &#8211; 16h: Audit\u00f3rio PJF &#8211; Palestra: A previd\u00eancia para servidoras efetivas e comissionadas (JFPrev)<\/p>\n<p>&nbsp;<\/p>\n<p>14\/3 &#8211; Varal Solid\u00e1rio para mulheres assistidas pela Casa da Mulher e em situa\u00e7\u00e3o de vulnerabilidade com a participa\u00e7\u00e3o de integrantes do Projeto Sa\u00fade na casa com aferi\u00e7\u00e3o de press\u00e3o, acolhimento e divulga\u00e7\u00e3o do Projeto, das 13h \u00e0s 16h.<\/p>\n<p>&nbsp;<\/p>\n<p>15\/3 &#8211; Dan\u00e7a Circular com a Professora Suzana Assis, para as mulheres assistidas pela Casa da Mulher e mulheres do entorno, \u00e0s 15h30.<\/p>\n<p>&nbsp;<\/p>\n<p>16\/3 &#8211; 9h: Oficina para Gestantes sobre as Experi\u00eancias da Maternidade \u2013 Enfermeira Priscilla e Assistente Social Simone do DSMGCA &#8211; Em sala de espera do DSMGCA<\/p>\n<p>&nbsp;<\/p>\n<p>16\/3 -11h30 : Conversando com Especialista sobre o C\u00e2ncer de Colo de \u00datero \u2013 Dr. Didier &#8211; Roda de Conversa em Sala de Espera com mulheres acompanhadas pelo Servi\u00e7o de Patologia do Trato Genital Inferior e Colposcopia<\/p>\n<p>&nbsp;<\/p>\n<p>17\/3 &#8211; Roda de Conversa: Como acolher mulheres que est\u00e3o no Ciclo da viol\u00eancia &#8211; P\u00fablico: integrantes do Projeto Enactus (estudantes de medicina, engenharia de produ\u00e7\u00e3o, e biologia da UFJF), \u00e0s 15h, na Casa da Mulher.<\/p>\n<p>&nbsp;<\/p>\n<p>17\/3 \u2013 9h: Roda de conversa com a equipe &#8220;Se d\u00f3i, n\u00e3o \u00e9 amor&#8221; &#8211; Dra. Paula Assun\u00e7\u00e3o (OAB Mulher). Local: CREAS Cento 1.<\/p>\n<p>&nbsp;<\/p>\n<p>20\/3 \u2013 14h: Espa\u00e7o Cidade &#8211; Exposi\u00e7\u00e3o Fotogr\u00e1fica \u201cMeu corpo existe e resiste\u201d Secretaria Especial de Direitos Humanos e Secretaria de Comunica\u00e7\u00e3o<\/p>\n<p>&nbsp;<\/p>\n<p>21\/03 \u2013 9h: Roda de Conversa com Mulheres e Mulheres Trans no Centro Pop.<\/p>\n<p>&nbsp;<\/p>\n<p>22\/3 \u2013 15h: Igreja Santa Rita &#8211;\u00a0Roda de conversa: Empoderamento da mulher na vida p\u00fablica e seus direitos &#8211; a\u00e7\u00e3o e caf\u00e9 (JFPrev)<\/p>\n<p>&nbsp;<\/p>\n<p>22\/3 &#8211; 8h: Sesuc (em parceria com SS e SEDH) &#8211; Evento sobre a tem\u00e1tica da viol\u00eancia contra a mulher &#8211; Teatro Paschoal Carlos Magno<\/p>\n<p>&nbsp;<\/p>\n<p>23\/3 \u2013\u00a0 19h: Emcasa &#8211; Palestra: Seguran\u00e7a em Instala\u00e7\u00f5es El\u00e9tricas Residenciais com a professora Adriana Scheffer Quintela Ferreira, no IF Sudeste.<\/p>\n<p>&nbsp;<\/p>\n<p>24\/3 \u2013 9h: Roda de conversa com as equipes sobre fluxo de trabalho do equipamento; servi\u00e7os ofertados \u00e0s v\u00edtimas para supera\u00e7\u00e3o, protagonismo e empoderamento. Local: CREAS Centro 1.<\/p>\n<p>&nbsp;<\/p>\n<p>25\/3 &#8211; Emcasa &#8211; Oficinas de Capacita\u00e7\u00e3o Para Mulheres<\/p>\n<p>&nbsp;<\/p>\n<p>26\/3 \u2013 9h: Feira da Av. Brasil &#8211; Exposi\u00e7\u00e3o Fotogr\u00e1fica \u201cMeu corpo existe e resiste\u201d &#8211; Secretaria Especial de Direitos Humanos e Secretaria de Comunica\u00e7\u00e3o<\/p>\n<p>&nbsp;<\/p>\n<p>26\/3 \u2013 Seapa e Empav &#8211;\u00a0Doa\u00e7\u00e3o de mudas na feira da Av. Brasil.<\/p>\n<p>&nbsp;<\/p>\n<p>27\/3 \u2013 14h: Cria\u00e7\u00e3o do grupo de trabalho &#8211; N\u00e3o \u00e0 Viol\u00eancia contra a Mulher (Cras\/Creas\/Centro POP\/SS\/SE) &#8211; Casa da Mulher, com lanche coletivo e apresenta\u00e7\u00e3o cultural.<\/p>\n<p>&nbsp;<\/p>\n<p>28\/3 \u2013 14h: Atividade cultural com a artista Laura da Concei\u00e7\u00e3o no Centro Pop.<\/p>\n<p>&nbsp;<\/p>\n<p>29\/3 &#8211; 9h: Oficina de Planejamento Familiar \u2013 Conversando com Especialista \u2013 Dr. T\u00falio Gon\u00e7alves dos Reis \u2013 M\u00e9dico Ginecologista Obstetra do Servi\u00e7o de Planejamento Familiar do DSMGCA<\/p>\n<p>&nbsp;<\/p>\n<p>29\/3 &#8211; 14h: Curso B\u00e1sico de Primeiros Socorros para mulheres. Facilitadoras: Larissa e Ana Laura &#8211; estudantes de Enfermagem da UFJF, que integram o Projeto Sa\u00fade na Casa, na Casa da Mulher.<\/p>\n<p>&nbsp;<\/p>\n<p>30\/3 \u2013 14h: Oficina de Arte com mulheres acompanhadas no Programa de Atendimento Especializado a Familias e Individuos do CREAS &#8211; Arte no corpo e fotos.<\/p>\n<p>&nbsp;<\/p>\n<p>30\/3 &#8211; Roda de Conversa com estudantes da Escola Estadual Ana Salles, sobre Viol\u00eancia Contra a Mulher e os servi\u00e7os oferecidos pela Casa da Mulher.<\/p>\n<p>&nbsp;<\/p>\n<p>Durante todo o m\u00eas \u2013 Sesuc &#8211; Atividades para as acauteladas do Projeto Integra, na Penitenci\u00e1ria Jos\u00e9 Edson Cavalieri.<\/p>\n<p>&nbsp;<\/p>\n<p>31\/3 \u2013 9h: Roda de conversa com a equipe sobre fluxo de trabalho do equipamento; servi\u00e7os ofertados \u00e0s v\u00edtimas para supera\u00e7\u00e3o, protagonismo e empoderamento \u2013 Sandra, coordenadora do Acolhimento Novo Caminho &#8211; Abrigo Institucional para Mulheres, Trans e Fam\u00edlia em Tr\u00e2nsito. Local: CREAS Centro 1.<\/p>\n<p>&nbsp;<\/p>\n<p>31\/3 \u2013 19h: Trof\u00e9u Mulher Cidad\u00e3 \u2013 Teatro Paschoal Carlos Magno.<\/p>\n<p><strong>Origem do Dia da Mulher<\/strong><\/p>\n<p>Por muitos anos, associou-se o dia 8 de mar\u00e7o \u00e0 ocorr\u00eancia de grandes inc\u00eandios em f\u00e1bricas, no in\u00edcio do s\u00e9culo, quando dezenas de oper\u00e1rias morreram. O mais conhecido desses incidentes foi o inc\u00eandio na f\u00e1brica da Triangle Shirtwaist, que vitimou 125 trabalhadoras, a maioria imigrantes judias. O sacrif\u00edcio das trabalhadoras se incorporou ao imagin\u00e1rio coletivo na luta em prol dos direitos das mulheres, trazendo \u00e0 tona as m\u00e1s condi\u00e7\u00f5es enfrentadas por elas durante a Revolu\u00e7\u00e3o Industrial.<\/p>\n<p>O processo de institui\u00e7\u00e3o de um Dia Internacional da Mulher j\u00e1 vinha sendo elaborado pelas socialistas americanas e europeias. A data s\u00f3 foi oficializada em 1975, quando a Organiza\u00e7\u00e3o das Na\u00e7\u00f5es Unidas (ONU) estabeleceu o Ano Internacional da Mulher para lembrar suas conquistas pol\u00edticas e sociais.<\/p>\n","protected":false},"excerpt":{"rendered":"<p>Segundo informa\u00e7\u00f5es do site da Prefeitura de Juiz de Fora (PJF), na tarde desta quarta-feira, 8, o Conselho Municipal dos Direitos da Mulher, em parceria com a Secretaria Especial de Direitos Humanos (SEDH), da Prefeitura de Juiz de Fora (PJF), realizou mais um evento referente \u00e0 campanha \u201cMar\u00e7o, Mais Mulher, Mais Democracia\u201d. A Feira de [&hellip;]<\/p>\n","protected":false},"author":246,"featured_media":211169,"comment_status":"closed","ping_status":"closed","sticky":false,"template":"","format":"standard","meta":{"footnotes":""},"categories":[253,436,439],"tags":[],"class_list":["post-211168","post","type-post","status-publish","format-standard","has-post-thumbnail","hentry","category-cidade","category-destaque-da-semana","category-ultima-hora"],"_links":{"self":[{"href":"https:\/\/diarioregionaldigital.com.br\/index.php?rest_route=\/wp\/v2\/posts\/211168","targetHints":{"allow":["GET"]}}],"collection":[{"href":"https:\/\/diarioregionaldigital.com.br\/index.php?rest_route=\/wp\/v2\/posts"}],"about":[{"href":"https:\/\/diarioregionaldigital.com.br\/index.php?rest_route=\/wp\/v2\/types\/post"}],"author":[{"embeddable":true,"href":"https:\/\/diarioregionaldigital.com.br\/index.php?rest_route=\/wp\/v2\/users\/246"}],"replies":[{"embeddable":true,"href":"https:\/\/diarioregionaldigital.com.br\/index.php?rest_route=%2Fwp%2Fv2%2Fcomments&post=211168"}],"version-history":[{"count":1,"href":"https:\/\/diarioregionaldigital.com.br\/index.php?rest_route=\/wp\/v2\/posts\/211168\/revisions"}],"predecessor-version":[{"id":211170,"href":"https:\/\/diarioregionaldigital.com.br\/index.php?rest_route=\/wp\/v2\/posts\/211168\/revisions\/211170"}],"wp:featuredmedia":[{"embeddable":true,"href":"https:\/\/diarioregionaldigital.com.br\/index.php?rest_route=\/wp\/v2\/media\/211169"}],"wp:attachment":[{"href":"https:\/\/diarioregionaldigital.com.br\/index.php?rest_route=%2Fwp%2Fv2%2Fmedia&parent=211168"}],"wp:term":[{"taxonomy":"category","embeddable":true,"href":"https:\/\/diarioregionaldigital.com.br\/index.php?rest_route=%2Fwp%2Fv2%2Fcategories&post=211168"},{"taxonomy":"post_tag","embeddable":true,"href":"https:\/\/diarioregionaldigital.com.br\/index.php?rest_route=%2Fwp%2Fv2%2Ftags&post=211168"}],"curies":[{"name":"wp","href":"https:\/\/api.w.org\/{rel}","templated":true}]}}