{"id":211165,"date":"2023-03-08T22:57:17","date_gmt":"2023-03-09T01:57:17","guid":{"rendered":"https:\/\/diarioregionaldigital.com.br\/?p=211165"},"modified":"2023-03-08T22:57:17","modified_gmt":"2023-03-09T01:57:17","slug":"carnaval-movimenta-hoteis-bares-e-restaurantes-com-impacto-positivo-na-economia-da-cidade","status":"publish","type":"post","link":"https:\/\/diarioregionaldigital.com.br\/?p=211165","title":{"rendered":"Carnaval movimenta hot\u00e9is, bares e restaurantes com impacto positivo na economia da cidade"},"content":{"rendered":"<p>Segundo informa\u00e7\u00f5es do site da Prefeitura de Juiz de Fora (PJF), depois de dois anos sem Carnaval por causa da pandemia da Covid-19, a volta da festa, em sua \u00e9poca usual, contribuiu para aumento nas movimenta\u00e7\u00f5es dos setores de bares, restaurantes e hot\u00e9is de Juiz de Fora, empregando mais pessoas de forma direta e indireta. O investimento de R$ 3 milh\u00f5es feito pela Prefeitura de Juiz de Fora (PJF) trouxe retorno segundo pesquisa realizada pela\u00a0Associa\u00e7\u00e3o Brasileira de Bares e Restaurantes (Abrasel) da\u00a0Zona da Mata. 49% dos estabelecimentos ouvidos registraram resultados positivos, sendo que em 34,2% deles houve um aumento de at\u00e9 30% no faturamento do m\u00eas de fevereiro em rela\u00e7\u00e3o ao mesmo per\u00edodo de 2022.<\/p>\n<p>J\u00e1 a rede hoteleira, a pedido da Secretaria de Turismo (Setur), registrou os dados dos apartamentos reservados no per\u00edodo de 18 a 21 de fevereiro (Carnaval). De acordo com os n\u00fameros apurados, o Solar Flat teve uma m\u00e9dia de 51% da ocupa\u00e7\u00e3o, seguido pelo C\u00e9sar Park Hotel e Victory Business, com 50%; Victory Su\u00edtes, com 35%; Nobile,\u00a0 com\u00a0 31,68% e Independ\u00eancia Trade Hotel, que registou\u00a0 21,42%.<\/p>\n<p>A programa\u00e7\u00e3o oficial de carnaval contou com mais de 80 blocos, retorno dos desfiles competitivos das Escolas de Samba, ap\u00f3s um intervalo de quatro anos, e o Circuito da Folia que ofereceu shows gratuitos na Pra\u00e7a da Esta\u00e7\u00e3o e na Passarela do Samba, na Avenida Brasil. A participa\u00e7\u00e3o superou a expectativa na maioria dos casos, uma vez que foi percept\u00edvel a boa ades\u00e3o de p\u00fablico nos blocos.<\/p>\n<p>Tamb\u00e9m houve a realiza\u00e7\u00e3o do \u201cCircuito Fofo\u201d (fora da folia), que prop\u00f4s atividades que n\u00e3o fossem diretamente ligadas \u00e0 festa momesca, como atra\u00e7\u00f5es circenses, conta\u00e7\u00e3o de hist\u00f3rias, exibi\u00e7\u00e3o de filmes, m\u00fasica ao vivo, comercializa\u00e7\u00e3o de cervejas artesanais, entre outras festividades que deram uma nova din\u00e2mica e novos usos para os parques Halfeld e Municipal tendo, este \u00faltimo, recebido um n\u00famero expressivo de visitantes: mais de 5 mil pessoas foram ao parque no per\u00edodo do Carnaval.<\/p>\n","protected":false},"excerpt":{"rendered":"<p>Segundo informa\u00e7\u00f5es do site da Prefeitura de Juiz de Fora (PJF), depois de dois anos sem Carnaval por causa da pandemia da Covid-19, a volta da festa, em sua \u00e9poca usual, contribuiu para aumento nas movimenta\u00e7\u00f5es dos setores de bares, restaurantes e hot\u00e9is de Juiz de Fora, empregando mais pessoas de forma direta e indireta. [&hellip;]<\/p>\n","protected":false},"author":246,"featured_media":211166,"comment_status":"closed","ping_status":"closed","sticky":false,"template":"","format":"standard","meta":{"footnotes":""},"categories":[253,436,439],"tags":[],"class_list":["post-211165","post","type-post","status-publish","format-standard","has-post-thumbnail","hentry","category-cidade","category-destaque-da-semana","category-ultima-hora"],"_links":{"self":[{"href":"https:\/\/diarioregionaldigital.com.br\/index.php?rest_route=\/wp\/v2\/posts\/211165","targetHints":{"allow":["GET"]}}],"collection":[{"href":"https:\/\/diarioregionaldigital.com.br\/index.php?rest_route=\/wp\/v2\/posts"}],"about":[{"href":"https:\/\/diarioregionaldigital.com.br\/index.php?rest_route=\/wp\/v2\/types\/post"}],"author":[{"embeddable":true,"href":"https:\/\/diarioregionaldigital.com.br\/index.php?rest_route=\/wp\/v2\/users\/246"}],"replies":[{"embeddable":true,"href":"https:\/\/diarioregionaldigital.com.br\/index.php?rest_route=%2Fwp%2Fv2%2Fcomments&post=211165"}],"version-history":[{"count":1,"href":"https:\/\/diarioregionaldigital.com.br\/index.php?rest_route=\/wp\/v2\/posts\/211165\/revisions"}],"predecessor-version":[{"id":211167,"href":"https:\/\/diarioregionaldigital.com.br\/index.php?rest_route=\/wp\/v2\/posts\/211165\/revisions\/211167"}],"wp:featuredmedia":[{"embeddable":true,"href":"https:\/\/diarioregionaldigital.com.br\/index.php?rest_route=\/wp\/v2\/media\/211166"}],"wp:attachment":[{"href":"https:\/\/diarioregionaldigital.com.br\/index.php?rest_route=%2Fwp%2Fv2%2Fmedia&parent=211165"}],"wp:term":[{"taxonomy":"category","embeddable":true,"href":"https:\/\/diarioregionaldigital.com.br\/index.php?rest_route=%2Fwp%2Fv2%2Fcategories&post=211165"},{"taxonomy":"post_tag","embeddable":true,"href":"https:\/\/diarioregionaldigital.com.br\/index.php?rest_route=%2Fwp%2Fv2%2Ftags&post=211165"}],"curies":[{"name":"wp","href":"https:\/\/api.w.org\/{rel}","templated":true}]}}