{"id":211162,"date":"2023-03-08T22:51:56","date_gmt":"2023-03-09T01:51:56","guid":{"rendered":"https:\/\/diarioregionaldigital.com.br\/?p=211162"},"modified":"2023-03-08T22:51:56","modified_gmt":"2023-03-09T01:51:56","slug":"pjf-celebra-dia-das-mulheres-com-cafe-com-liderancas-nas-comunidades","status":"publish","type":"post","link":"https:\/\/diarioregionaldigital.com.br\/?p=211162","title":{"rendered":"PJF celebra dia das mulheres com caf\u00e9 com lideran\u00e7as nas comunidades"},"content":{"rendered":"<p>Segundo informa\u00e7\u00f5es do site da Prefeitura de Juiz de Fora (PJF), cerca de 250 mulheres que atuam como lideran\u00e7as comunit\u00e1rias participaram de um encontro organizado pela Prefeitura de Juiz de Fora (PJF) neste 8 de mar\u00e7o, no Parque Municipal. O evento celebra o Dia Internacional das Mulheres e visa valorizar a atua\u00e7\u00e3o feminina no munic\u00edpio.<\/p>\n<p>Durante o \u201cCaf\u00e9 com Mulheres Lideran\u00e7as nas Comunidades\u201d, a prefeita Margarida Salom\u00e3o destacou que as pol\u00edticas p\u00fablicas voltadas para as mulheres s\u00e3o prioridade na gest\u00e3o. \u201cNa sa\u00fade, s\u00e3o as mulheres que v\u00e3o para a fila marcar consulta, que levam as pessoas doentes para as Unidades B\u00e1sicas de Sa\u00fade. Por isso \u00e9 t\u00e3o importante que os postos de sa\u00fade estejam abertos mais tempo\u201d, disse.<\/p>\n<div>O evento contou com a exibi\u00e7\u00e3o de v\u00eddeo produzido pela PJF em homenagem \u00e0 atua\u00e7\u00e3o feminina para a constru\u00e7\u00e3o do munic\u00edpio. Tanto das mulheres que comp\u00f5em a administra\u00e7\u00e3o municipal quanto das lideran\u00e7as comunit\u00e1rias. \u201cS\u00f3 haver\u00e1 uma democracia satisfat\u00f3ria no nosso pa\u00eds na medida em que as causas das mulheres venham tamb\u00e9m a ser enfatizadas\u201d, destacou a prefeita.<\/div>\n<div>\nA atual administra\u00e7\u00e3o forma um governo parit\u00e1rio de homens e mulheres no Secretariado. \u201cTenho escolhido mulheres de luta para compor o nosso governo. Metade do secretariado s\u00e3o mulheres, todas muito qualificadas e competentes\u201d, destaca Margarida.<\/div>\n<div>\nComo ressalta a Secret\u00e1ria de Governo, Cidinha Louzada, o evento \u00e9 uma oportunidade de reunir diversas mulheres que atuam coletivamente na constru\u00e7\u00e3o de uma Juiz de Fora melhor. \u201c\u00c9 um momento especial para n\u00f3s. Com a pandemia, a gente n\u00e3o podia se encontrar. Agora podemos nos juntar, abra\u00e7ar e matar a saudade\u201d, conta Cidinha.<\/div>\n<div>\nUma das lideran\u00e7as comunit\u00e1rias presentes foi Aparecida de Fatima dos Santos Silva, moradora do Parque das \u00c1guas e l\u00edder no residencial Santa C\u00e2ndida. \u201cTenho comigo uma luta di\u00e1ria, n\u00e3o somente pelo meu bem estar, mas por toda a comunidade. Uma comunidade feminina, uma comunidade guerreira, que luta todos os dias por sua fam\u00edlia, por sua integridade, por sua condi\u00e7\u00e3o de mulher. Eu hoje estou muito feliz por ter na administra\u00e7\u00e3o p\u00fablica municipal um grupo de mulheres guerreiras, mulheres que eu acompanho o trabalho h\u00e1 muitos anos. Tenho muito orgulho de tudo que tem acontecido ao longo desta administra\u00e7\u00e3o\u201d, relata Aparecida.<\/div>\n<div><\/div>\n","protected":false},"excerpt":{"rendered":"<p>Segundo informa\u00e7\u00f5es do site da Prefeitura de Juiz de Fora (PJF), cerca de 250 mulheres que atuam como lideran\u00e7as comunit\u00e1rias participaram de um encontro organizado pela Prefeitura de Juiz de Fora (PJF) neste 8 de mar\u00e7o, no Parque Municipal. O evento celebra o Dia Internacional das Mulheres e visa valorizar a atua\u00e7\u00e3o feminina no munic\u00edpio. [&hellip;]<\/p>\n","protected":false},"author":246,"featured_media":211163,"comment_status":"closed","ping_status":"closed","sticky":false,"template":"","format":"standard","meta":{"footnotes":""},"categories":[253,436,440,439],"tags":[],"class_list":["post-211162","post","type-post","status-publish","format-standard","has-post-thumbnail","hentry","category-cidade","category-destaque-da-semana","category-destaques-do-dia","category-ultima-hora"],"_links":{"self":[{"href":"https:\/\/diarioregionaldigital.com.br\/index.php?rest_route=\/wp\/v2\/posts\/211162","targetHints":{"allow":["GET"]}}],"collection":[{"href":"https:\/\/diarioregionaldigital.com.br\/index.php?rest_route=\/wp\/v2\/posts"}],"about":[{"href":"https:\/\/diarioregionaldigital.com.br\/index.php?rest_route=\/wp\/v2\/types\/post"}],"author":[{"embeddable":true,"href":"https:\/\/diarioregionaldigital.com.br\/index.php?rest_route=\/wp\/v2\/users\/246"}],"replies":[{"embeddable":true,"href":"https:\/\/diarioregionaldigital.com.br\/index.php?rest_route=%2Fwp%2Fv2%2Fcomments&post=211162"}],"version-history":[{"count":1,"href":"https:\/\/diarioregionaldigital.com.br\/index.php?rest_route=\/wp\/v2\/posts\/211162\/revisions"}],"predecessor-version":[{"id":211164,"href":"https:\/\/diarioregionaldigital.com.br\/index.php?rest_route=\/wp\/v2\/posts\/211162\/revisions\/211164"}],"wp:featuredmedia":[{"embeddable":true,"href":"https:\/\/diarioregionaldigital.com.br\/index.php?rest_route=\/wp\/v2\/media\/211163"}],"wp:attachment":[{"href":"https:\/\/diarioregionaldigital.com.br\/index.php?rest_route=%2Fwp%2Fv2%2Fmedia&parent=211162"}],"wp:term":[{"taxonomy":"category","embeddable":true,"href":"https:\/\/diarioregionaldigital.com.br\/index.php?rest_route=%2Fwp%2Fv2%2Fcategories&post=211162"},{"taxonomy":"post_tag","embeddable":true,"href":"https:\/\/diarioregionaldigital.com.br\/index.php?rest_route=%2Fwp%2Fv2%2Ftags&post=211162"}],"curies":[{"name":"wp","href":"https:\/\/api.w.org\/{rel}","templated":true}]}}