{"id":211159,"date":"2023-03-08T22:41:08","date_gmt":"2023-03-09T01:41:08","guid":{"rendered":"https:\/\/diarioregionaldigital.com.br\/?p=211159"},"modified":"2023-03-08T22:41:08","modified_gmt":"2023-03-09T01:41:08","slug":"uma-otima-noticia-para-as-brasileiras-que-jogam-futebol","status":"publish","type":"post","link":"https:\/\/diarioregionaldigital.com.br\/?p=211159","title":{"rendered":"Uma \u00f3tima not\u00edcia para as brasileiras que jogam futebol"},"content":{"rendered":"<p>O esporte no Brasil \u00e9 recheado de \u00edcones, mulheres e homens, muitos deles integrantes das grandes galerias mundiais, em v\u00e1rias modalidades. A\u00ed est\u00e3o Hort\u00eancia e Oscar, no basquete; Ana Moser e Giba, no v\u00f4lei; Maria Lenk e Gustavo Borges, na nata\u00e7\u00e3o. Cada um deles no seu espa\u00e7o, reconhecidos individualmente por suas conquistas para o pa\u00eds. No entanto, quando se trata da craque\u00a0Marta, nossa Rainha no futebol &#8211; eleita seis vezes a melhor do mundo pela Fifa -, n\u00e3o \u00e9 raro\u00a0se referirem \u00e0\u00a0ela como \u201cPel\u00e9 de saias\u201d.<img decoding=\"async\" src=\"https:\/\/agenciabrasil.ebc.com.br\/ebc.png?id=1514718&amp;o=node\" \/><img decoding=\"async\" src=\"https:\/\/agenciabrasil.ebc.com.br\/ebc.gif?id=1514718&amp;o=node\" \/><\/p>\n<p>Estarei sendo preconceituoso em n\u00e3o concordar com essa denomina\u00e7\u00e3o? Para alguns, talvez sim. Mas, pelo contr\u00e1rio, acho que a meia-atacante Marta tem um espa\u00e7o que \u00e9 s\u00f3 dela, conquistado por talento pr\u00f3prio, que n\u00e3o merece ser reduzido a uma compara\u00e7\u00e3o. At\u00e9 porque s\u00e3o tempos distintos e modalidades diferentes. Os f\u00e3s de\u00a0Pel\u00e9, por exemplo, discordam\u00a0quando se fala que Marta fez\u00a0mais gols que o Rei do Futebol, ou que bateu o recorde de gols marcados em Copas do Mundo. E ao n\u00e3o concordarem, reduzem o feito, como se isso fosse poss\u00edvel. Evidente que existe um qu\u00ea de machismo nessa recusa.<\/p>\n<p>E \u00e9 dessa distin\u00e7\u00e3o\u00a0que o futebol feminino no Brasil precisa: procurar cada vez mais se desvencilhar da hist\u00f3ria campe\u00e3 do futebol masculino, buscando sua trajet\u00f3ria pr\u00f3pria.\u00a0Ali\u00e1s, n\u00e3o custa lembrar que as meninas da sele\u00e7\u00e3o j\u00e1 s\u00e3o dirigidas por uma t\u00e9cnica estrangeira, algo que os meninos n\u00e3o t\u00eam.<\/p>\n<p>Mas n\u00e3o \u00e9 f\u00e1cil, somos obrigados a reconhecer. Durante anos as mulheres foram at\u00e9 proibidas de jogar futebol no Brasil\u00a0e, ainda\u00a0<span id=\"OBJ_PREFIX_DWT266_com_zimbra_date\" role=\"link\"><span id=\"OBJ_PREFIX_DWT271_com_zimbra_date\" role=\"link\">hoje,<\/span><\/span>\u00a0muitas deles sofrem preconceito por praticarem m o esporte. O olhar por aqui \u00e9 ainda muito distante do que prevalece no exterior\u00a0e, n\u00e3o \u00e9 \u00e0 toa que o futebol feminino pela Europa e Estados Unidos esteja bem avan\u00e7ado com rela\u00e7\u00e3o ao nosso.<\/p>\n<p>No\u00a0<a href=\"https:\/\/www.youtube.com\/watch?v=buKlOPI9VhQ\">\u00faltimo programa Sem Censura<\/a>, da\u00a0<strong>TV Brasil<\/strong>, a ministra do\u00a0Esporte, Ana Moser, anunciou a inten\u00e7\u00e3o de o Brasil sediar a Copa do Mundo de Futebol Feminino em 2027. A chegada desse Mundial, daqui a quatro anos, precisa ser confirmada, pois ser\u00e1 efetivamente um marco para a modalidade no pa\u00eds. Que saibamos aproveitar o momento, trabalhar da\u00a0melhor forma poss\u00edvel, com incentivos reais aos clubes &#8211; grandes formadores de m\u00e3o de obra &#8211; para que valorizem a modalidade e invistam, n\u00e3o apenas por obriga\u00e7\u00e3o de regulamento.<\/p>\n<p><span style=\"font-weight: 400;\">Fonte: Ag\u00eancia Brasil <\/span><\/p>\n","protected":false},"excerpt":{"rendered":"<p>O esporte no Brasil \u00e9 recheado de \u00edcones, mulheres e homens, muitos deles integrantes das grandes galerias mundiais, em v\u00e1rias modalidades. A\u00ed est\u00e3o Hort\u00eancia e Oscar, no basquete; Ana Moser e Giba, no v\u00f4lei; Maria Lenk e Gustavo Borges, na nata\u00e7\u00e3o. Cada um deles no seu espa\u00e7o, reconhecidos individualmente por suas conquistas para o pa\u00eds. [&hellip;]<\/p>\n","protected":false},"author":246,"featured_media":211160,"comment_status":"closed","ping_status":"closed","sticky":false,"template":"","format":"standard","meta":{"footnotes":""},"categories":[436,257,439],"tags":[],"class_list":["post-211159","post","type-post","status-publish","format-standard","has-post-thumbnail","hentry","category-destaque-da-semana","category-esporte","category-ultima-hora"],"_links":{"self":[{"href":"https:\/\/diarioregionaldigital.com.br\/index.php?rest_route=\/wp\/v2\/posts\/211159","targetHints":{"allow":["GET"]}}],"collection":[{"href":"https:\/\/diarioregionaldigital.com.br\/index.php?rest_route=\/wp\/v2\/posts"}],"about":[{"href":"https:\/\/diarioregionaldigital.com.br\/index.php?rest_route=\/wp\/v2\/types\/post"}],"author":[{"embeddable":true,"href":"https:\/\/diarioregionaldigital.com.br\/index.php?rest_route=\/wp\/v2\/users\/246"}],"replies":[{"embeddable":true,"href":"https:\/\/diarioregionaldigital.com.br\/index.php?rest_route=%2Fwp%2Fv2%2Fcomments&post=211159"}],"version-history":[{"count":1,"href":"https:\/\/diarioregionaldigital.com.br\/index.php?rest_route=\/wp\/v2\/posts\/211159\/revisions"}],"predecessor-version":[{"id":211161,"href":"https:\/\/diarioregionaldigital.com.br\/index.php?rest_route=\/wp\/v2\/posts\/211159\/revisions\/211161"}],"wp:featuredmedia":[{"embeddable":true,"href":"https:\/\/diarioregionaldigital.com.br\/index.php?rest_route=\/wp\/v2\/media\/211160"}],"wp:attachment":[{"href":"https:\/\/diarioregionaldigital.com.br\/index.php?rest_route=%2Fwp%2Fv2%2Fmedia&parent=211159"}],"wp:term":[{"taxonomy":"category","embeddable":true,"href":"https:\/\/diarioregionaldigital.com.br\/index.php?rest_route=%2Fwp%2Fv2%2Fcategories&post=211159"},{"taxonomy":"post_tag","embeddable":true,"href":"https:\/\/diarioregionaldigital.com.br\/index.php?rest_route=%2Fwp%2Fv2%2Ftags&post=211159"}],"curies":[{"name":"wp","href":"https:\/\/api.w.org\/{rel}","templated":true}]}}