{"id":211153,"date":"2023-03-08T22:37:35","date_gmt":"2023-03-09T01:37:35","guid":{"rendered":"https:\/\/diarioregionaldigital.com.br\/?p=211153"},"modified":"2023-03-08T22:37:35","modified_gmt":"2023-03-09T01:37:35","slug":"brasil-sediara-em-setembro-um-dos-pre-olimpicos-de-volei-masculino","status":"publish","type":"post","link":"https:\/\/diarioregionaldigital.com.br\/?p=211153","title":{"rendered":"Brasil sediar\u00e1 em setembro um dos Pr\u00e9-Ol\u00edmpicos de v\u00f4lei masculino"},"content":{"rendered":"<p>O Brasil sediar\u00e1 este ano um dos tr\u00eas torneios Pr\u00e9-Ol\u00edmpicos de v\u00f4lei masculino que definir\u00e3o as primeiras seis vagas para os Jogos de Paris 2024. A decis\u00e3o foi anunciada nesta quarta-feira (8) pela Federa\u00e7\u00e3o Internacional de V\u00f4lei (FIVB), que ainda n\u00e3o definiu em qual cidade ser\u00e1 realizada a competi\u00e7\u00e3o. Certo mesmo \u00e9 que a sele\u00e7\u00e3o brasileira comandada pelo t\u00e9cnico Renan Dal Zotto jogar\u00e1 em casa.<img decoding=\"async\" src=\"https:\/\/agenciabrasil.ebc.com.br\/ebc.png?id=1515010&amp;o=node\" \/><img decoding=\"async\" src=\"https:\/\/agenciabrasil.ebc.com.br\/ebc.gif?id=1515010&amp;o=node\" \/><\/p>\n<p>Al\u00e9m do Brasil, Jap\u00e3o e China tamb\u00e9m foram escolhidos como sede do Pr\u00e9-Ol\u00edmpico masculino. Os tr\u00eas torneios ocorrer\u00e3o concomitantemente entre 30 de setembro e 8 de outubro.<\/p>\n<p>O sorteio das chaves ser\u00e1 no pr\u00f3ximo dia 17, \u00e0s 9h (hor\u00e1rio de Bras\u00edlia), com\u00a0<a href=\"https:\/\/www.youtube.com\/volleyballworld\">transmiss\u00e3o ao vivo<\/a>\u00a0no YouTube da FIVB. As sele\u00e7\u00f5es de 24 pa\u00edses (confira todas abaixo) ser\u00e3o sorteadas para os tr\u00eas torneios. Apenas as duas mais bem colocadas em cada competi\u00e7\u00e3o se classificam para os Jogos de Paris. Uma das vagas j\u00e1 est\u00e1 reservada \u00e0 Fran\u00e7a como pa\u00eds-sede, tanto no masculino, quanto no feminino.<\/p>\n<p>Os Jogos de Paris reunir\u00e3o 12 \u00a0sele\u00e7\u00f5es de cada g\u00eanero. Al\u00e9m das vagas distribu\u00eddas pelos Pr\u00e9-Ol\u00edmpicos \u2013 seis no feminino e seis no masculino \u2013, as outras ser\u00e3o destinadas \u00e0s sele\u00e7\u00f5es mais bem colocadas no ranking mundial, ap\u00f3s a fase preliminar da Liga das Na\u00e7\u00f5es de 2024.<\/p>\n<h2>Pr\u00e9-Ol\u00edmpico de v\u00f4lei feminino<\/h2>\n<p>A FIVB definiu ainda as sedes dos torneios Pr\u00e9-Ol\u00edmpicos femininos. Jap\u00e3o e China receber\u00e3o as competi\u00e7\u00f5es de 16 a 24 de setembro deste n\u00e3o.<\/p>\n<h2>Sele\u00e7\u00f5es masculinas<\/h2>\n<p>Alemanha, Argentina, B\u00e9lgica,\u00a0Brasil, Bulg\u00e1ria, Canad\u00e1, Catar, China, Cuba, Egito, Eslov\u00eania, Estados Unidos Finl\u00e2ndia, Holanda, Ir\u00e3, It\u00e1lia, Jap\u00e3o, M\u00e9xico, Pol\u00f4nia, Rep\u00fablica Tcheca, S\u00e9rvia, Tun\u00edsia, Turquia e Ucr\u00e2nia.<\/p>\n<h2>Sele\u00e7\u00f5es femininas<\/h2>\n<p>Alemanha, Argentina, B\u00e9lgica,\u00a0Brasil, Bulg\u00e1ria, Canad\u00e1, China, Col\u00f4mbia, Coreia do Sul, Eslov\u00eania, Estados Unidos, It\u00e1lia, Holanda, Jap\u00e3o, M\u00e9xico, Peru, Pol\u00f4nia, Porto Rico, Rep\u00fablica Dominicana, Rep\u00fablica Tcheca, S\u00e9rvia, Tail\u00e2ndia, Turquia e Ucr\u00e2nia.<\/p>\n<p><span style=\"font-weight: 400;\">Fonte: Ag\u00eancia Brasil <\/span><\/p>\n","protected":false},"excerpt":{"rendered":"<p>O Brasil sediar\u00e1 este ano um dos tr\u00eas torneios Pr\u00e9-Ol\u00edmpicos de v\u00f4lei masculino que definir\u00e3o as primeiras seis vagas para os Jogos de Paris 2024. A decis\u00e3o foi anunciada nesta quarta-feira (8) pela Federa\u00e7\u00e3o Internacional de V\u00f4lei (FIVB), que ainda n\u00e3o definiu em qual cidade ser\u00e1 realizada a competi\u00e7\u00e3o. Certo mesmo \u00e9 que a sele\u00e7\u00e3o [&hellip;]<\/p>\n","protected":false},"author":246,"featured_media":211154,"comment_status":"closed","ping_status":"closed","sticky":false,"template":"","format":"standard","meta":{"footnotes":""},"categories":[436,257,439],"tags":[],"class_list":["post-211153","post","type-post","status-publish","format-standard","has-post-thumbnail","hentry","category-destaque-da-semana","category-esporte","category-ultima-hora"],"_links":{"self":[{"href":"https:\/\/diarioregionaldigital.com.br\/index.php?rest_route=\/wp\/v2\/posts\/211153","targetHints":{"allow":["GET"]}}],"collection":[{"href":"https:\/\/diarioregionaldigital.com.br\/index.php?rest_route=\/wp\/v2\/posts"}],"about":[{"href":"https:\/\/diarioregionaldigital.com.br\/index.php?rest_route=\/wp\/v2\/types\/post"}],"author":[{"embeddable":true,"href":"https:\/\/diarioregionaldigital.com.br\/index.php?rest_route=\/wp\/v2\/users\/246"}],"replies":[{"embeddable":true,"href":"https:\/\/diarioregionaldigital.com.br\/index.php?rest_route=%2Fwp%2Fv2%2Fcomments&post=211153"}],"version-history":[{"count":1,"href":"https:\/\/diarioregionaldigital.com.br\/index.php?rest_route=\/wp\/v2\/posts\/211153\/revisions"}],"predecessor-version":[{"id":211155,"href":"https:\/\/diarioregionaldigital.com.br\/index.php?rest_route=\/wp\/v2\/posts\/211153\/revisions\/211155"}],"wp:featuredmedia":[{"embeddable":true,"href":"https:\/\/diarioregionaldigital.com.br\/index.php?rest_route=\/wp\/v2\/media\/211154"}],"wp:attachment":[{"href":"https:\/\/diarioregionaldigital.com.br\/index.php?rest_route=%2Fwp%2Fv2%2Fmedia&parent=211153"}],"wp:term":[{"taxonomy":"category","embeddable":true,"href":"https:\/\/diarioregionaldigital.com.br\/index.php?rest_route=%2Fwp%2Fv2%2Fcategories&post=211153"},{"taxonomy":"post_tag","embeddable":true,"href":"https:\/\/diarioregionaldigital.com.br\/index.php?rest_route=%2Fwp%2Fv2%2Ftags&post=211153"}],"curies":[{"name":"wp","href":"https:\/\/api.w.org\/{rel}","templated":true}]}}