{"id":211150,"date":"2023-03-08T22:35:50","date_gmt":"2023-03-09T01:35:50","guid":{"rendered":"https:\/\/diarioregionaldigital.com.br\/?p=211150"},"modified":"2023-03-08T22:35:50","modified_gmt":"2023-03-09T01:35:50","slug":"maracana-recebera-a-final-da-edicao-2023-da-copa-libertadores","status":"publish","type":"post","link":"https:\/\/diarioregionaldigital.com.br\/?p=211150","title":{"rendered":"Maracan\u00e3 receber\u00e1 a final da edi\u00e7\u00e3o 2023 da Copa Libertadores"},"content":{"rendered":"<p>A final da edi\u00e7\u00e3o 2023 da Copa Libertadores ter\u00e1 como palco o est\u00e1dio do Maracan\u00e3, no Rio de Janeiro. A decis\u00e3o foi anunciada, na noite desta quarta-feira (8), pelo presidente da Conmebol (Confedera\u00e7\u00e3o Sul-Americana de Futebol), Alejandro Dom\u00ednguez.<img decoding=\"async\" src=\"https:\/\/agenciabrasil.ebc.com.br\/ebc.png?id=1515146&amp;o=node\" \/><img decoding=\"async\" src=\"https:\/\/agenciabrasil.ebc.com.br\/ebc.gif?id=1515146&amp;o=node\" \/><\/p>\n<p>A expectativa \u00e9 de que a decis\u00e3o da principal competi\u00e7\u00e3o de clubes da Am\u00e9rica do Sul seja disputada no dia 11 de novembro.<\/p>\n<p>Na mesma mensagem, divulgada em seu perfil em uma rede social, o dirigente afirmou que a final da Copa Sul-Americana ter\u00e1 como palco a cidade uruguaia de Montevid\u00e9u.<\/p>\n<p><span style=\"font-weight: 400;\">Fonte: Ag\u00eancia Brasil <\/span><\/p>\n","protected":false},"excerpt":{"rendered":"<p>A final da edi\u00e7\u00e3o 2023 da Copa Libertadores ter\u00e1 como palco o est\u00e1dio do Maracan\u00e3, no Rio de Janeiro. A decis\u00e3o foi anunciada, na noite desta quarta-feira (8), pelo presidente da Conmebol (Confedera\u00e7\u00e3o Sul-Americana de Futebol), Alejandro Dom\u00ednguez. A expectativa \u00e9 de que a decis\u00e3o da principal competi\u00e7\u00e3o de clubes da Am\u00e9rica do Sul seja [&hellip;]<\/p>\n","protected":false},"author":246,"featured_media":211151,"comment_status":"closed","ping_status":"closed","sticky":false,"template":"","format":"standard","meta":{"footnotes":""},"categories":[436,440,257,439],"tags":[],"class_list":["post-211150","post","type-post","status-publish","format-standard","has-post-thumbnail","hentry","category-destaque-da-semana","category-destaques-do-dia","category-esporte","category-ultima-hora"],"_links":{"self":[{"href":"https:\/\/diarioregionaldigital.com.br\/index.php?rest_route=\/wp\/v2\/posts\/211150","targetHints":{"allow":["GET"]}}],"collection":[{"href":"https:\/\/diarioregionaldigital.com.br\/index.php?rest_route=\/wp\/v2\/posts"}],"about":[{"href":"https:\/\/diarioregionaldigital.com.br\/index.php?rest_route=\/wp\/v2\/types\/post"}],"author":[{"embeddable":true,"href":"https:\/\/diarioregionaldigital.com.br\/index.php?rest_route=\/wp\/v2\/users\/246"}],"replies":[{"embeddable":true,"href":"https:\/\/diarioregionaldigital.com.br\/index.php?rest_route=%2Fwp%2Fv2%2Fcomments&post=211150"}],"version-history":[{"count":1,"href":"https:\/\/diarioregionaldigital.com.br\/index.php?rest_route=\/wp\/v2\/posts\/211150\/revisions"}],"predecessor-version":[{"id":211152,"href":"https:\/\/diarioregionaldigital.com.br\/index.php?rest_route=\/wp\/v2\/posts\/211150\/revisions\/211152"}],"wp:featuredmedia":[{"embeddable":true,"href":"https:\/\/diarioregionaldigital.com.br\/index.php?rest_route=\/wp\/v2\/media\/211151"}],"wp:attachment":[{"href":"https:\/\/diarioregionaldigital.com.br\/index.php?rest_route=%2Fwp%2Fv2%2Fmedia&parent=211150"}],"wp:term":[{"taxonomy":"category","embeddable":true,"href":"https:\/\/diarioregionaldigital.com.br\/index.php?rest_route=%2Fwp%2Fv2%2Fcategories&post=211150"},{"taxonomy":"post_tag","embeddable":true,"href":"https:\/\/diarioregionaldigital.com.br\/index.php?rest_route=%2Fwp%2Fv2%2Ftags&post=211150"}],"curies":[{"name":"wp","href":"https:\/\/api.w.org\/{rel}","templated":true}]}}