{"id":211138,"date":"2023-03-08T22:01:51","date_gmt":"2023-03-09T01:01:51","guid":{"rendered":"https:\/\/diarioregionaldigital.com.br\/?p=211138"},"modified":"2023-03-08T22:01:51","modified_gmt":"2023-03-09T01:01:51","slug":"senado-define-composicao-das-comissoes-permanentes","status":"publish","type":"post","link":"https:\/\/diarioregionaldigital.com.br\/?p=211138","title":{"rendered":"Senado define composi\u00e7\u00e3o das comiss\u00f5es permanentes"},"content":{"rendered":"<p>O Senado Federal elegeu, nesta quarta-feira (8), os indicados pelas lideran\u00e7as dos blocos partid\u00e1rios para assumir a presid\u00eancia e a vice-presid\u00eancia das comiss\u00f5es permanentes da Casa para o bi\u00eanio 2023-24. A Comiss\u00e3o de Constitui\u00e7\u00e3o, Justi\u00e7a e Cidadania (CCJ), considerada a mais importante da Casa, ser\u00e1 ocupada pelo senador Davi Alcolumbre (Uni\u00e3o-AP).<img decoding=\"async\" src=\"https:\/\/agenciabrasil.ebc.com.br\/ebc.png?id=1515070&amp;o=node\" \/><img decoding=\"async\" src=\"https:\/\/agenciabrasil.ebc.com.br\/ebc.gif?id=1515070&amp;o=node\" \/><\/p>\n<p>Com o novo desenho do Senado, PSD e MDB ficaram com 3 comiss\u00f5es: Assuntos Econ\u00f4micos (CAE); Educa\u00e7\u00e3o, Cultura e Esporte (CE) e Meio Ambiente (CMA) estar\u00e3o sob o comando do PSD. J\u00e1 o MDB conduzir\u00e1 os trabalhos da Comiss\u00e3o de Desenvolvimento Regional e Turismo (CDR), da Comiss\u00e3o de Rela\u00e7\u00f5es Exteriores e Defesa Nacional (CRE) e da Comiss\u00e3o de Servi\u00e7os de Infraestrutura (CI).<\/p>\n<p>O PT vai comandar as Comiss\u00f5es de Assuntos Sociais (CAS) e Direitos Humanos (CDH). Uni\u00e3o Brasil tamb\u00e9m ter\u00e1 2 comiss\u00f5es: Comiss\u00e3o de Agricultura (CRA) e Comiss\u00e3o de Constitui\u00e7\u00e3o e Justi\u00e7a (CCJ). Podemos, PDT e PSB ter\u00e3o uma comiss\u00e3o cada e ainda falta definir a lideran\u00e7a da Comiss\u00e3o Senado do Futuro (CSF).<\/p>\n<h2>Presid\u00eancia e vice-presid\u00eancia<\/h2>\n<p>Os senadores Humberto Costa (PT-PE) e Mara Gabrilli (PSD-SP) foram eleitos presidente e vice-presidenta da Comiss\u00e3o de Assuntos Sociais (CAS). Paulo Paim (PT-RS) e Zenaide Maia (PSD-RN), presidente e vice-presidenta, respectivamente, estar\u00e3o a frente da Comiss\u00e3o de Direitos Humanos e Legisla\u00e7\u00e3o Participativa (CDH).<\/p>\n<p>Os senadores Flavio Arns (PSB-PR) e Cid Gomes (PDT-CE) ser\u00e3o os pr\u00f3ximos presidente e vice-presidente da Comiss\u00e3o de Educa\u00e7\u00e3o (CE). A ex-jogadora de v\u00f4lei Leila Barros (PDT-DF) e Fabiano Contarato (PT-ES) estar\u00e3o na presid\u00eancia da Comiss\u00e3o de Meio Ambiente (CMA), na posi\u00e7\u00e3o de presid\u00eancia e vice, respectivamente. A Comiss\u00e3o de Infraestruturas (CI) ser\u00e1 de responsabilidade do senador Conf\u00facio Moura (MDB-RO).<\/p>\n<p>O senador Vanderlan Cardoso (PSD-GO) foi eleito presidente da Comiss\u00e3o de Assuntos Econ\u00f4micos (CAE). Por sua vez, a Comiss\u00e3o de Transpar\u00eancia, Fiscaliza\u00e7\u00e3o e Controle (CTFC) ser\u00e1 presidida por Omar Aziz (PSD-AM).<\/p>\n<p>Renan Calheiros (MDB-AL) foi eleito presidente da Comiss\u00e3o de Rela\u00e7\u00f5es Exteriores e Defesa Nacional (CRE). Na Comiss\u00e3o de Ci\u00eancia, Tecnologia e Inova\u00e7\u00e3o (CCT) o senador Carlos Viana (Podemos-MG) estar\u00e1 \u00e0 frente dos trabalhos. Os senadores Marcelo Castro (MDB-PI) e Cid Gomes (PDT-CE) v\u00e3o comandar a Comiss\u00e3o de Desenvolvimento Regional e Turismo (CDR).<\/p>\n<p>S\u00e9rgio Petec\u00e3o (PSD-AC) e Jorge Kajuru (PSB-GO) ser\u00e3o os pr\u00f3ximos presidente e vice-presidente da Comiss\u00e3o de Seguran\u00e7a P\u00fablica (CSP). A senadora Soraya Thronicke (Uni\u00e3o-MS) vai presidir a Comiss\u00e3o de Agricultura (CRA).<\/p>\n<p><span style=\"font-weight: 400;\">Fonte: Ag\u00eancia Brasil <\/span><\/p>\n","protected":false},"excerpt":{"rendered":"<p>O Senado Federal elegeu, nesta quarta-feira (8), os indicados pelas lideran\u00e7as dos blocos partid\u00e1rios para assumir a presid\u00eancia e a vice-presid\u00eancia das comiss\u00f5es permanentes da Casa para o bi\u00eanio 2023-24. A Comiss\u00e3o de Constitui\u00e7\u00e3o, Justi\u00e7a e Cidadania (CCJ), considerada a mais importante da Casa, ser\u00e1 ocupada pelo senador Davi Alcolumbre (Uni\u00e3o-AP). Com o novo desenho [&hellip;]<\/p>\n","protected":false},"author":246,"featured_media":211139,"comment_status":"closed","ping_status":"closed","sticky":false,"template":"","format":"standard","meta":{"footnotes":""},"categories":[436,254,439],"tags":[],"class_list":["post-211138","post","type-post","status-publish","format-standard","has-post-thumbnail","hentry","category-destaque-da-semana","category-politica","category-ultima-hora"],"_links":{"self":[{"href":"https:\/\/diarioregionaldigital.com.br\/index.php?rest_route=\/wp\/v2\/posts\/211138","targetHints":{"allow":["GET"]}}],"collection":[{"href":"https:\/\/diarioregionaldigital.com.br\/index.php?rest_route=\/wp\/v2\/posts"}],"about":[{"href":"https:\/\/diarioregionaldigital.com.br\/index.php?rest_route=\/wp\/v2\/types\/post"}],"author":[{"embeddable":true,"href":"https:\/\/diarioregionaldigital.com.br\/index.php?rest_route=\/wp\/v2\/users\/246"}],"replies":[{"embeddable":true,"href":"https:\/\/diarioregionaldigital.com.br\/index.php?rest_route=%2Fwp%2Fv2%2Fcomments&post=211138"}],"version-history":[{"count":1,"href":"https:\/\/diarioregionaldigital.com.br\/index.php?rest_route=\/wp\/v2\/posts\/211138\/revisions"}],"predecessor-version":[{"id":211140,"href":"https:\/\/diarioregionaldigital.com.br\/index.php?rest_route=\/wp\/v2\/posts\/211138\/revisions\/211140"}],"wp:featuredmedia":[{"embeddable":true,"href":"https:\/\/diarioregionaldigital.com.br\/index.php?rest_route=\/wp\/v2\/media\/211139"}],"wp:attachment":[{"href":"https:\/\/diarioregionaldigital.com.br\/index.php?rest_route=%2Fwp%2Fv2%2Fmedia&parent=211138"}],"wp:term":[{"taxonomy":"category","embeddable":true,"href":"https:\/\/diarioregionaldigital.com.br\/index.php?rest_route=%2Fwp%2Fv2%2Fcategories&post=211138"},{"taxonomy":"post_tag","embeddable":true,"href":"https:\/\/diarioregionaldigital.com.br\/index.php?rest_route=%2Fwp%2Fv2%2Ftags&post=211138"}],"curies":[{"name":"wp","href":"https:\/\/api.w.org\/{rel}","templated":true}]}}