{"id":211113,"date":"2023-03-08T01:43:26","date_gmt":"2023-03-08T04:43:26","guid":{"rendered":"https:\/\/diarioregionaldigital.com.br\/?p=211113"},"modified":"2023-03-08T01:43:26","modified_gmt":"2023-03-08T04:43:26","slug":"jogos-intercolegiais-2023-inscricoes-para-o-torneio-abrem-nesta-quarta-8","status":"publish","type":"post","link":"https:\/\/diarioregionaldigital.com.br\/?p=211113","title":{"rendered":"Jogos intercolegiais 2023: Inscri\u00e7\u00f5es para o torneio abrem nesta quarta, 8"},"content":{"rendered":"<p>Segundo informa\u00e7\u00f5es do site da Prefeitura de Juiz de Fora (PJF), foi realizada nesta ter\u00e7a-feira, 7, no Anfiteatro da Prefeitura de Juiz de Fora (PJF), a reuni\u00e3o com os representantes das institui\u00e7\u00f5es de ensino da rede municipal, estadual, federal e privada do munic\u00edpio de Juiz de Fora que participar\u00e3o da 28\u00aa edi\u00e7\u00e3o dos Jogos Intercolegiais de Juiz de Fora (JIJF). As entidades estudantis dever\u00e3o fazer suas inscri\u00e7\u00f5es em formul\u00e1rios disponibilizados na plataforma\u00a0 \u201c<a href=\"https:\/\/www.pjf.mg.gov.br\/agil\/\"><strong>Prefeitura \u00c1gil<\/strong><\/a>\u201d no site da Prefeitura, devidamente assinados eletronicamente pela diretora, diretor, vice-diretora ou pelo vice-diretor da escola. O desfile de abertura tem previs\u00e3o para ser realizado no dia 31 de mar\u00e7o.<\/p>\n<div id=\"box_texto_noticia\">\n<p>Ao todo, ser\u00e3o 16 modalidades, cinco a mais do que a edi\u00e7\u00e3o passada, sendo elas coletivas, individuais e paradesportivas. As categorias est\u00e3o divididas em dois m\u00f3dulos: o M\u00f3dulo I, infantil feminino e masculino, e o M\u00f3dulo II, juvenil feminino e masculino. As modalidades s\u00e3o: Atletismo, Atletismo para pessoas com defici\u00eancia, Basquetebol, Badminton, Breaking dance, Futsal, Handebol, Jud\u00f4, Nata\u00e7\u00e3o, Nata\u00e7\u00e3o para pessoas com defici\u00eancia, Polybat, Queimada, Skate, T\u00eanis de Mesa, Voleibol e Xadrez.<\/p>\n<p>O secret\u00e1rio de Esporte e Lazer, Marcelo Matta, destaca a relev\u00e2ncia dos Jogos Intercolegiais para os alunos de Juiz de Fora. \u201c\u00c9 uma competi\u00e7\u00e3o extremamente importante para o calend\u00e1rio da cidade, que oferece aos alunos das escolas um primeiro contato com competi\u00e7\u00f5es esportivas\u201d.<\/p>\n<p>Os Jogos Intercolegiais de Juiz de Fora t\u00eam por finalidade promover competi\u00e7\u00f5es esportivas educacionais para estudantes em idade escolar das institui\u00e7\u00f5es de ensino da rede municipal, estadual, federal e privada do munic\u00edpio de Juiz de Fora.<\/p>\n<p><strong>O Regulamento Geral dos Jogos Intercolegiais pode ser conferido no anexo da mat\u00e9ria.<\/strong><\/p>\n<p><strong>Outras informa\u00e7\u00f5es<\/strong>:<\/p>\n<p>(32) 3690-7845 &#8211;\u00a0 Secretaria de Esporte e Lazer<\/p>\n<p>(32) 3690-7844 &#8211; Gabinete da SEL<\/p>\n<\/div>\n<p>&nbsp;<\/p>\n<div class=\"texto_anexo\"><img loading=\"lazy\" decoding=\"async\" src=\"https:\/\/www.pjf.mg.gov.br\/imagens\/clips.jpg\" width=\"22\" height=\"20\" \/>\u00a0<a href=\"https:\/\/www.pjf.mg.gov.br\/noticias\/anexo\/regulamento.pdf\" target=\"_blank\" rel=\"noopener\">Veja o anexo<\/a><\/div>\n<p>&nbsp;<\/p>\n","protected":false},"excerpt":{"rendered":"<p>Segundo informa\u00e7\u00f5es do site da Prefeitura de Juiz de Fora (PJF), foi realizada nesta ter\u00e7a-feira, 7, no Anfiteatro da Prefeitura de Juiz de Fora (PJF), a reuni\u00e3o com os representantes das institui\u00e7\u00f5es de ensino da rede municipal, estadual, federal e privada do munic\u00edpio de Juiz de Fora que participar\u00e3o da 28\u00aa edi\u00e7\u00e3o dos Jogos Intercolegiais [&hellip;]<\/p>\n","protected":false},"author":246,"featured_media":211114,"comment_status":"closed","ping_status":"closed","sticky":false,"template":"","format":"standard","meta":{"footnotes":""},"categories":[253,436,439],"tags":[],"class_list":["post-211113","post","type-post","status-publish","format-standard","has-post-thumbnail","hentry","category-cidade","category-destaque-da-semana","category-ultima-hora"],"_links":{"self":[{"href":"https:\/\/diarioregionaldigital.com.br\/index.php?rest_route=\/wp\/v2\/posts\/211113","targetHints":{"allow":["GET"]}}],"collection":[{"href":"https:\/\/diarioregionaldigital.com.br\/index.php?rest_route=\/wp\/v2\/posts"}],"about":[{"href":"https:\/\/diarioregionaldigital.com.br\/index.php?rest_route=\/wp\/v2\/types\/post"}],"author":[{"embeddable":true,"href":"https:\/\/diarioregionaldigital.com.br\/index.php?rest_route=\/wp\/v2\/users\/246"}],"replies":[{"embeddable":true,"href":"https:\/\/diarioregionaldigital.com.br\/index.php?rest_route=%2Fwp%2Fv2%2Fcomments&post=211113"}],"version-history":[{"count":1,"href":"https:\/\/diarioregionaldigital.com.br\/index.php?rest_route=\/wp\/v2\/posts\/211113\/revisions"}],"predecessor-version":[{"id":211115,"href":"https:\/\/diarioregionaldigital.com.br\/index.php?rest_route=\/wp\/v2\/posts\/211113\/revisions\/211115"}],"wp:featuredmedia":[{"embeddable":true,"href":"https:\/\/diarioregionaldigital.com.br\/index.php?rest_route=\/wp\/v2\/media\/211114"}],"wp:attachment":[{"href":"https:\/\/diarioregionaldigital.com.br\/index.php?rest_route=%2Fwp%2Fv2%2Fmedia&parent=211113"}],"wp:term":[{"taxonomy":"category","embeddable":true,"href":"https:\/\/diarioregionaldigital.com.br\/index.php?rest_route=%2Fwp%2Fv2%2Fcategories&post=211113"},{"taxonomy":"post_tag","embeddable":true,"href":"https:\/\/diarioregionaldigital.com.br\/index.php?rest_route=%2Fwp%2Fv2%2Ftags&post=211113"}],"curies":[{"name":"wp","href":"https:\/\/api.w.org\/{rel}","templated":true}]}}