{"id":211110,"date":"2023-03-08T01:41:17","date_gmt":"2023-03-08T04:41:17","guid":{"rendered":"https:\/\/diarioregionaldigital.com.br\/?p=211110"},"modified":"2023-03-08T01:41:17","modified_gmt":"2023-03-08T04:41:17","slug":"para-execucao-de-recapeamento-avenida-coronel-vidal-tem-trecho-em-uma-pista","status":"publish","type":"post","link":"https:\/\/diarioregionaldigital.com.br\/?p=211110","title":{"rendered":"Para execu\u00e7\u00e3o de recapeamento, Avenida Coronel Vidal tem trecho em uma pista"},"content":{"rendered":"<p>Segundo informa\u00e7\u00f5es do site da Prefeitura de Juiz de Fora (PJF), para a realiza\u00e7\u00e3o do recapeamento asf\u00e1ltico da Avenida Coronel Vidal, no bairro Cer\u00e2mica, que foi iniciado esta semana pela Prefeitura de Juiz de Fora (PJF), a via est\u00e1 com apenas uma pista para a passagem de ve\u00edculos, incluindo os \u00f4nibus urbanos, no trecho em obras.<\/p>\n<p>O local est\u00e1 sinalizado e conta com a atua\u00e7\u00e3o dos agentes de tr\u00e2nsito para melhor fluidez do tr\u00e2nsito. Por\u00e9m, mesmo com as a\u00e7\u00f5es para mitigar as quest\u00f5es de tr\u00e1fego, a avenida, que tem circula\u00e7\u00e3o somente no sentido Zona Norte\/Centro, apresenta algumas reten\u00e7\u00f5es. Paralelamente, tamb\u00e9m est\u00e1 sendo executado o recapeamento asf\u00e1ltico da Rua Dr. Henrique Burnier, no bairro Mariano Proc\u00f3pio, que tamb\u00e9m \u00e9 uma importante via de liga\u00e7\u00e3o entre a zona norte e a \u00e1rea central da cidade. A rua est\u00e1 com uma faixa para circula\u00e7\u00e3o, por\u00e9m, n\u00e3o apresenta reten\u00e7\u00f5es no momento.<\/p>\n<p>Ao todo, as duas vias v\u00e3o receber asfalto novo em quase tr\u00eas quil\u00f4metros de extens\u00e3o, sendo recapeada uma \u00e1rea de mais de 32 mil metros quadrados, com previs\u00e3o de aplica\u00e7\u00e3o de cerca de 3.700 toneladas de massa asf\u00e1ltica. As vias cortam os bairros Cer\u00e2mica, S\u00e3o Dimas e Mariano Proc\u00f3pio, e, em seu percurso, passam por importantes pontos como a Rodovi\u00e1ria de Juiz de Fora e o Shopping Jardim Norte. A previs\u00e3o \u00e9 que a Empresa Municipal de Pavimenta\u00e7\u00e3o e Urbanidades (Empav) conclua os trabalhos at\u00e9 o final da pr\u00f3xima semana, oferecendo mais conforto, seguran\u00e7a e fluidez no tr\u00e2nsito para quem circula pela regi\u00e3o.<\/p>\n","protected":false},"excerpt":{"rendered":"<p>Segundo informa\u00e7\u00f5es do site da Prefeitura de Juiz de Fora (PJF), para a realiza\u00e7\u00e3o do recapeamento asf\u00e1ltico da Avenida Coronel Vidal, no bairro Cer\u00e2mica, que foi iniciado esta semana pela Prefeitura de Juiz de Fora (PJF), a via est\u00e1 com apenas uma pista para a passagem de ve\u00edculos, incluindo os \u00f4nibus urbanos, no trecho em [&hellip;]<\/p>\n","protected":false},"author":246,"featured_media":211111,"comment_status":"closed","ping_status":"closed","sticky":false,"template":"","format":"standard","meta":{"footnotes":""},"categories":[253,436,439],"tags":[],"class_list":["post-211110","post","type-post","status-publish","format-standard","has-post-thumbnail","hentry","category-cidade","category-destaque-da-semana","category-ultima-hora"],"_links":{"self":[{"href":"https:\/\/diarioregionaldigital.com.br\/index.php?rest_route=\/wp\/v2\/posts\/211110","targetHints":{"allow":["GET"]}}],"collection":[{"href":"https:\/\/diarioregionaldigital.com.br\/index.php?rest_route=\/wp\/v2\/posts"}],"about":[{"href":"https:\/\/diarioregionaldigital.com.br\/index.php?rest_route=\/wp\/v2\/types\/post"}],"author":[{"embeddable":true,"href":"https:\/\/diarioregionaldigital.com.br\/index.php?rest_route=\/wp\/v2\/users\/246"}],"replies":[{"embeddable":true,"href":"https:\/\/diarioregionaldigital.com.br\/index.php?rest_route=%2Fwp%2Fv2%2Fcomments&post=211110"}],"version-history":[{"count":1,"href":"https:\/\/diarioregionaldigital.com.br\/index.php?rest_route=\/wp\/v2\/posts\/211110\/revisions"}],"predecessor-version":[{"id":211112,"href":"https:\/\/diarioregionaldigital.com.br\/index.php?rest_route=\/wp\/v2\/posts\/211110\/revisions\/211112"}],"wp:featuredmedia":[{"embeddable":true,"href":"https:\/\/diarioregionaldigital.com.br\/index.php?rest_route=\/wp\/v2\/media\/211111"}],"wp:attachment":[{"href":"https:\/\/diarioregionaldigital.com.br\/index.php?rest_route=%2Fwp%2Fv2%2Fmedia&parent=211110"}],"wp:term":[{"taxonomy":"category","embeddable":true,"href":"https:\/\/diarioregionaldigital.com.br\/index.php?rest_route=%2Fwp%2Fv2%2Fcategories&post=211110"},{"taxonomy":"post_tag","embeddable":true,"href":"https:\/\/diarioregionaldigital.com.br\/index.php?rest_route=%2Fwp%2Fv2%2Ftags&post=211110"}],"curies":[{"name":"wp","href":"https:\/\/api.w.org\/{rel}","templated":true}]}}