{"id":211106,"date":"2023-03-08T01:39:44","date_gmt":"2023-03-08T04:39:44","guid":{"rendered":"https:\/\/diarioregionaldigital.com.br\/?p=211106"},"modified":"2023-03-08T01:39:44","modified_gmt":"2023-03-08T04:39:44","slug":"prefeita-visita-obras-da-ardagh-glass-em-juiz-de-fora","status":"publish","type":"post","link":"https:\/\/diarioregionaldigital.com.br\/?p=211106","title":{"rendered":"Prefeita visita obras da Ardagh Glass em Juiz de Fora"},"content":{"rendered":"<p>Segundo informa\u00e7\u00f5es do site da Prefeitura de Juiz de Fora (PJF), a\u00a0prefeita Margarida Salom\u00e3o e o secret\u00e1rio de Desenvolvimento Sustent\u00e1vel e Inclusivo, da Inova\u00e7\u00e3o e Competitividade (Sedic), Ignacio Delgado, visitaram, nesta ter\u00e7a-feira, 7, as obras da Ardagh Glass, em Juiz de Fora. Eles foram acompanhados do Diretor de Opera\u00e7\u00f5es\u00a0da Europa da Ardagh Glass, em ingl\u00eas,\u00a0Chief Operating Officer (COO), Henrik Bonne, e do diretor do projeto S\u00edlvio Gon\u00e7alves Ramos, que apresentaram as obras, cronograma de implanta\u00e7\u00e3o e contrata\u00e7\u00e3o da empresa.<\/p>\n<p>Atualmente, o projeto encontra-se na fase inicial da montagem do primeiro forno. A previs\u00e3o \u00e9 de que a primeira parte da obra termine em julho, para a instala\u00e7\u00e3o das m\u00e1quinas. A produ\u00e7\u00e3o deve ser iniciada em dezembro deste ano.\u00a0\u201cA obra est\u00e1 come\u00e7ando de forma entusiasmadora. \u00c9 uma empresa de grande envergadura, que j\u00e1 est\u00e1 gerando emprego, e ir\u00e1 gerar retorno fiscal e o desenvolvimento que a gente deseja\u201d, destacou a prefeita Margarida Salom\u00e3o.<\/p>\n<p>Para o secret\u00e1rio Ignacio Delgado, trata-se de um empreendimento que \u00e9 de enorme relev\u00e2ncia para Juiz de Fora. \u201cPrimeiro, por ser uma empresa muito qualificada, que produz um artigo que tem um potencial de mercado enorme no Brasil. Segundo porque, ao contr\u00e1rio de outras empresas do ramo, que n\u00e3o se utilizam da tecnologia que a Ardagh Glass opera, vamos ter uma cadeia com aproveitamento muito importante de res\u00edduos de vidro, que atualmente s\u00e3o pouco recuperados no processo produtivo.\u00a0Terceiro, a cidade \u00e9 muito rica de outros insumos para a produ\u00e7\u00e3o de vidro, com reservas importantes de quartzito, por exemplo. Por fim, \u00e9 importante lembrar que n\u00f3s somos por defini\u00e7\u00e3o um polo cervejeiro, ent\u00e3o, a presen\u00e7a de uma empresa como a Ardagh Glass d\u00e1 mais densidade \u00e0 cadeia produtiva que \u00e9 secular em Juiz de Fora\u201d, destaca.<\/p>\n<p>\u201cDaqui a pouco come\u00e7a a instala\u00e7\u00e3o tamb\u00e9m da Ardagh Metal, de produ\u00e7\u00e3o de latas, para atender \u00e0 demanda do setor cervejeiro. O volume de empregos \u00e9 muito alto e certamente abre caminho para que outros investimentos venham para a cidade, no esfor\u00e7o que a Prefeitura tem feito para tornar a cidade boa de viver, visitar e investir\u201d, refor\u00e7ou o Secret\u00e1rio.<\/p>\n<p><strong>Sobre o investimento<\/strong><\/p>\n<p>A multinacional de embalagens, Ardagh Group, anunciou, em maio, a instala\u00e7\u00e3o de duas f\u00e1bricas em Juiz de Fora: uma de latas de bebidas: Ardagh Metal Packaging; e outra de garrafas: Ardagh Glass Packaging. Em protocolo de inten\u00e7\u00f5es assinado com a Prefeitura de Juiz de Fora (PJF), em cerim\u00f4nia no Teatro Paschoal Carlos Magno, a empresa prev\u00ea o investimento total de R$2,4 bilh\u00f5es e a gera\u00e7\u00e3o de cerca de 680 postos de trabalho na cidade.<\/p>\n<p>A Ardagh Glass Packaging ser\u00e1 a primeira f\u00e1brica de embalagens de vidro da multinacional no Brasil. O terreno, localizado no Distrito Industrial II, em Benfica, possui aproximadamente 130 mil metros quadrados e ser\u00e3o constru\u00eddos aproximadamente 70 mil metros quadrados de produ\u00e7\u00e3o e estoque. A planta contar\u00e1 com dois fornos na sua primeira fase. O investimento pretende gerar 300 postos de trabalho.<\/p>\n<p>A Ardagh Glass Packaging \u00e9 um fornecedor global de embalagens de vidro para empresas nos setores de bebidas, alimentos, farmac\u00eautico e qu\u00edmico. A empresa \u00e9 l\u00edder do setor na Europa e nas Am\u00e9ricas e opera com 34 instala\u00e7\u00f5es de produ\u00e7\u00e3o de vidro em oito pa\u00edses, empregando mais de 12 mil funcion\u00e1rios.<\/p>\n","protected":false},"excerpt":{"rendered":"<p>Segundo informa\u00e7\u00f5es do site da Prefeitura de Juiz de Fora (PJF), a\u00a0prefeita Margarida Salom\u00e3o e o secret\u00e1rio de Desenvolvimento Sustent\u00e1vel e Inclusivo, da Inova\u00e7\u00e3o e Competitividade (Sedic), Ignacio Delgado, visitaram, nesta ter\u00e7a-feira, 7, as obras da Ardagh Glass, em Juiz de Fora. Eles foram acompanhados do Diretor de Opera\u00e7\u00f5es\u00a0da Europa da Ardagh Glass, em ingl\u00eas,\u00a0Chief [&hellip;]<\/p>\n","protected":false},"author":246,"featured_media":211107,"comment_status":"closed","ping_status":"closed","sticky":false,"template":"","format":"standard","meta":{"footnotes":""},"categories":[253,436,439],"tags":[],"class_list":["post-211106","post","type-post","status-publish","format-standard","has-post-thumbnail","hentry","category-cidade","category-destaque-da-semana","category-ultima-hora"],"_links":{"self":[{"href":"https:\/\/diarioregionaldigital.com.br\/index.php?rest_route=\/wp\/v2\/posts\/211106","targetHints":{"allow":["GET"]}}],"collection":[{"href":"https:\/\/diarioregionaldigital.com.br\/index.php?rest_route=\/wp\/v2\/posts"}],"about":[{"href":"https:\/\/diarioregionaldigital.com.br\/index.php?rest_route=\/wp\/v2\/types\/post"}],"author":[{"embeddable":true,"href":"https:\/\/diarioregionaldigital.com.br\/index.php?rest_route=\/wp\/v2\/users\/246"}],"replies":[{"embeddable":true,"href":"https:\/\/diarioregionaldigital.com.br\/index.php?rest_route=%2Fwp%2Fv2%2Fcomments&post=211106"}],"version-history":[{"count":2,"href":"https:\/\/diarioregionaldigital.com.br\/index.php?rest_route=\/wp\/v2\/posts\/211106\/revisions"}],"predecessor-version":[{"id":211109,"href":"https:\/\/diarioregionaldigital.com.br\/index.php?rest_route=\/wp\/v2\/posts\/211106\/revisions\/211109"}],"wp:featuredmedia":[{"embeddable":true,"href":"https:\/\/diarioregionaldigital.com.br\/index.php?rest_route=\/wp\/v2\/media\/211107"}],"wp:attachment":[{"href":"https:\/\/diarioregionaldigital.com.br\/index.php?rest_route=%2Fwp%2Fv2%2Fmedia&parent=211106"}],"wp:term":[{"taxonomy":"category","embeddable":true,"href":"https:\/\/diarioregionaldigital.com.br\/index.php?rest_route=%2Fwp%2Fv2%2Fcategories&post=211106"},{"taxonomy":"post_tag","embeddable":true,"href":"https:\/\/diarioregionaldigital.com.br\/index.php?rest_route=%2Fwp%2Fv2%2Ftags&post=211106"}],"curies":[{"name":"wp","href":"https:\/\/api.w.org\/{rel}","templated":true}]}}