{"id":211099,"date":"2023-03-08T01:25:05","date_gmt":"2023-03-08T04:25:05","guid":{"rendered":"https:\/\/diarioregionaldigital.com.br\/?p=211099"},"modified":"2023-03-08T01:25:05","modified_gmt":"2023-03-08T04:25:05","slug":"brasil-de-pelotas-se-garante-na-terceira-fase-da-copa-do-brasil","status":"publish","type":"post","link":"https:\/\/diarioregionaldigital.com.br\/?p=211099","title":{"rendered":"Brasil de Pelotas se garante na terceira fase da Copa do Brasil"},"content":{"rendered":"<p>O Brasil de Pelotas garantiu a presen\u00e7a na terceira fase da Copa do Brasil ap\u00f3s derrotar a Ponte Preta por 2 a 0, na noite desta ter\u00e7a-feira (7) no est\u00e1dio Bento de Freitas, em Pelotas.<img decoding=\"async\" src=\"https:\/\/agenciabrasil.ebc.com.br\/ebc.png?id=1514793&amp;o=node\" \/><img decoding=\"async\" src=\"https:\/\/agenciabrasil.ebc.com.br\/ebc.gif?id=1514793&amp;o=node\" \/><\/p>\n<p>Agora, a equipe ga\u00facha aguarda o final da segunda fase da competi\u00e7\u00e3o nacional para conhecer o seu pr\u00f3ximo advers\u00e1rio, em sorteio a ser realizado posteriormente. A terceira fase da competi\u00e7\u00e3o tamb\u00e9m conta com a participa\u00e7\u00e3o de equipes que conseguiram a classifica\u00e7\u00e3o direta para esta etapa: Flamengo, Palmeiras, Corinthians, Fluminense, Atl\u00e9tico-MG, Athletico-PR, Fortaleza, Internacional, Cruzeiro, Paysandu, Sport e S\u00e3o Paulo.<\/p>\n<h2>O jogo<\/h2>\n<p>Apoiado por sua torcida, o Brasil de Pelotas n\u00e3o demorou a abrir o placar. Aos 12 minutos do primeiro tempo Lu\u00eds Gustavo cobrou escanteio e M\u00e1rcio Jonatan cabeceou para o fundo do gol. O triunfo do Xavante foi sacramentado aos sete da etapa final, quando Guilherme Nunes cruzou rasteiro para o camisa 10 Luiz Felipe, que dominou de direita antes de finalizar de esquerda da entrada da \u00e1rea. Um belo gol para confirmar a vit\u00f3ria e a classifica\u00e7\u00e3o.<\/p>\n<p><span style=\"font-weight: 400;\">Fonte: Ag\u00eancia Brasil <\/span><\/p>\n","protected":false},"excerpt":{"rendered":"<p>O Brasil de Pelotas garantiu a presen\u00e7a na terceira fase da Copa do Brasil ap\u00f3s derrotar a Ponte Preta por 2 a 0, na noite desta ter\u00e7a-feira (7) no est\u00e1dio Bento de Freitas, em Pelotas. Agora, a equipe ga\u00facha aguarda o final da segunda fase da competi\u00e7\u00e3o nacional para conhecer o seu pr\u00f3ximo advers\u00e1rio, em [&hellip;]<\/p>\n","protected":false},"author":246,"featured_media":211100,"comment_status":"closed","ping_status":"closed","sticky":false,"template":"","format":"standard","meta":{"footnotes":""},"categories":[436,257,439],"tags":[],"class_list":["post-211099","post","type-post","status-publish","format-standard","has-post-thumbnail","hentry","category-destaque-da-semana","category-esporte","category-ultima-hora"],"_links":{"self":[{"href":"https:\/\/diarioregionaldigital.com.br\/index.php?rest_route=\/wp\/v2\/posts\/211099","targetHints":{"allow":["GET"]}}],"collection":[{"href":"https:\/\/diarioregionaldigital.com.br\/index.php?rest_route=\/wp\/v2\/posts"}],"about":[{"href":"https:\/\/diarioregionaldigital.com.br\/index.php?rest_route=\/wp\/v2\/types\/post"}],"author":[{"embeddable":true,"href":"https:\/\/diarioregionaldigital.com.br\/index.php?rest_route=\/wp\/v2\/users\/246"}],"replies":[{"embeddable":true,"href":"https:\/\/diarioregionaldigital.com.br\/index.php?rest_route=%2Fwp%2Fv2%2Fcomments&post=211099"}],"version-history":[{"count":1,"href":"https:\/\/diarioregionaldigital.com.br\/index.php?rest_route=\/wp\/v2\/posts\/211099\/revisions"}],"predecessor-version":[{"id":211101,"href":"https:\/\/diarioregionaldigital.com.br\/index.php?rest_route=\/wp\/v2\/posts\/211099\/revisions\/211101"}],"wp:featuredmedia":[{"embeddable":true,"href":"https:\/\/diarioregionaldigital.com.br\/index.php?rest_route=\/wp\/v2\/media\/211100"}],"wp:attachment":[{"href":"https:\/\/diarioregionaldigital.com.br\/index.php?rest_route=%2Fwp%2Fv2%2Fmedia&parent=211099"}],"wp:term":[{"taxonomy":"category","embeddable":true,"href":"https:\/\/diarioregionaldigital.com.br\/index.php?rest_route=%2Fwp%2Fv2%2Fcategories&post=211099"},{"taxonomy":"post_tag","embeddable":true,"href":"https:\/\/diarioregionaldigital.com.br\/index.php?rest_route=%2Fwp%2Fv2%2Ftags&post=211099"}],"curies":[{"name":"wp","href":"https:\/\/api.w.org\/{rel}","templated":true}]}}