{"id":211096,"date":"2023-03-08T01:23:29","date_gmt":"2023-03-08T04:23:29","guid":{"rendered":"https:\/\/diarioregionaldigital.com.br\/?p=211096"},"modified":"2023-03-08T01:23:29","modified_gmt":"2023-03-08T04:23:29","slug":"copa-do-nordeste-rafael-longuine-garante-vitoria-do-crb-sobre-o-abc","status":"publish","type":"post","link":"https:\/\/diarioregionaldigital.com.br\/?p=211096","title":{"rendered":"Copa do Nordeste: Rafael Longuine garante vit\u00f3ria do CRB sobre o ABC"},"content":{"rendered":"<p>O CRB derrotou o ABC por 1 a 0, na noite desta ter\u00e7a-feira (7) no est\u00e1dio Rei Pel\u00e9, em Macei\u00f3, e assumiu a vice-lideran\u00e7a do Grupo A da Copa do Nordeste com 13 pontos. J\u00e1 o Mais Querido permanece na segunda posi\u00e7\u00e3o da outra chave com 11 pontos.<img decoding=\"async\" src=\"https:\/\/agenciabrasil.ebc.com.br\/ebc.png?id=1514798&amp;o=node\" \/><img decoding=\"async\" src=\"https:\/\/agenciabrasil.ebc.com.br\/ebc.gif?id=1514798&amp;o=node\" \/><\/p>\n<p>O \u00fanico gol do confronto saiu apenas aos 42 minutos do segundo tempo, quando o meio-campista Rafael Longuine, que entrou na etapa final, acertou chute de fora da \u00e1rea para superar o goleiro Sim\u00e3o.<\/p>\n<p>Tamb\u00e9m nesta ter\u00e7a o Atl\u00e9tico-BA bateu o CSA por 1 a 0, gra\u00e7as a gol do atacante Gustavo Cust\u00f3dio nos acr\u00e9scimos do confronto disputado no Est\u00e1dio Carneir\u00e3o, em Alagoinhas.<\/p>\n<p><span style=\"font-weight: 400;\">Fonte: Ag\u00eancia Brasil <\/span><\/p>\n","protected":false},"excerpt":{"rendered":"<p>O CRB derrotou o ABC por 1 a 0, na noite desta ter\u00e7a-feira (7) no est\u00e1dio Rei Pel\u00e9, em Macei\u00f3, e assumiu a vice-lideran\u00e7a do Grupo A da Copa do Nordeste com 13 pontos. J\u00e1 o Mais Querido permanece na segunda posi\u00e7\u00e3o da outra chave com 11 pontos. O \u00fanico gol do confronto saiu apenas [&hellip;]<\/p>\n","protected":false},"author":246,"featured_media":211097,"comment_status":"closed","ping_status":"closed","sticky":false,"template":"","format":"standard","meta":{"footnotes":""},"categories":[436,257,439],"tags":[],"class_list":["post-211096","post","type-post","status-publish","format-standard","has-post-thumbnail","hentry","category-destaque-da-semana","category-esporte","category-ultima-hora"],"_links":{"self":[{"href":"https:\/\/diarioregionaldigital.com.br\/index.php?rest_route=\/wp\/v2\/posts\/211096","targetHints":{"allow":["GET"]}}],"collection":[{"href":"https:\/\/diarioregionaldigital.com.br\/index.php?rest_route=\/wp\/v2\/posts"}],"about":[{"href":"https:\/\/diarioregionaldigital.com.br\/index.php?rest_route=\/wp\/v2\/types\/post"}],"author":[{"embeddable":true,"href":"https:\/\/diarioregionaldigital.com.br\/index.php?rest_route=\/wp\/v2\/users\/246"}],"replies":[{"embeddable":true,"href":"https:\/\/diarioregionaldigital.com.br\/index.php?rest_route=%2Fwp%2Fv2%2Fcomments&post=211096"}],"version-history":[{"count":1,"href":"https:\/\/diarioregionaldigital.com.br\/index.php?rest_route=\/wp\/v2\/posts\/211096\/revisions"}],"predecessor-version":[{"id":211098,"href":"https:\/\/diarioregionaldigital.com.br\/index.php?rest_route=\/wp\/v2\/posts\/211096\/revisions\/211098"}],"wp:featuredmedia":[{"embeddable":true,"href":"https:\/\/diarioregionaldigital.com.br\/index.php?rest_route=\/wp\/v2\/media\/211097"}],"wp:attachment":[{"href":"https:\/\/diarioregionaldigital.com.br\/index.php?rest_route=%2Fwp%2Fv2%2Fmedia&parent=211096"}],"wp:term":[{"taxonomy":"category","embeddable":true,"href":"https:\/\/diarioregionaldigital.com.br\/index.php?rest_route=%2Fwp%2Fv2%2Fcategories&post=211096"},{"taxonomy":"post_tag","embeddable":true,"href":"https:\/\/diarioregionaldigital.com.br\/index.php?rest_route=%2Fwp%2Fv2%2Ftags&post=211096"}],"curies":[{"name":"wp","href":"https:\/\/api.w.org\/{rel}","templated":true}]}}