{"id":211093,"date":"2023-03-08T01:21:43","date_gmt":"2023-03-08T04:21:43","guid":{"rendered":"https:\/\/diarioregionaldigital.com.br\/?p=211093"},"modified":"2023-03-08T01:21:43","modified_gmt":"2023-03-08T04:21:43","slug":"circuito-mundial-de-surfe-chega-aos-supertubos-de-portugal","status":"publish","type":"post","link":"https:\/\/diarioregionaldigital.com.br\/?p=211093","title":{"rendered":"Circuito Mundial de Surfe chega aos Supertubos de Portugal"},"content":{"rendered":"<p>A janela de competi\u00e7\u00f5es da terceira etapa do Circuito Mundial de Surfe ter\u00e1 in\u00edcio na pr\u00f3xima quarta-feira (8) com uma homenagem especial por ocasi\u00e3o do Dia Internacional da Mulher. Na competi\u00e7\u00e3o disputada na praia dos Supertubos, em Peniche (Portugal), os competidores escolheram o nome de uma mulher de destaque do mundo do esporte para usarem em suas camisetas.<img decoding=\"async\" src=\"https:\/\/agenciabrasil.ebc.com.br\/ebc.png?id=1514717&amp;o=node\" \/><img decoding=\"async\" src=\"https:\/\/agenciabrasil.ebc.com.br\/ebc.gif?id=1514717&amp;o=node\" \/><\/p>\n<p>O tricampe\u00e3o mundial Gabriel Medina, por exemplo, escolheu o nome de Marta para estampar a sua lycra. Em entrevista coletiva concedida nesta ter\u00e7a-feira (7), o surfista de S\u00e3o Sebasti\u00e3o n\u00e3o poupou elogios \u00e0 jogadora de futebol, que j\u00e1 recebeu seis trof\u00e9us de melhor do mundo: \u201cA Marta \u00e9 nosso orgulho brasileiro. \u00c9 uma mulher poderosa, influencia muitas mulheres e inspira n\u00e3o s\u00f3 as mulheres, como os homens tamb\u00e9m. \u00c9 um orgulho usar seu nome na minha lycra. No Brasil somos apaixonado por futebol desde pequenos e a Marta \u00e9 a nossa camisa 10. Ent\u00e3o fico feliz em represent\u00e1-la aqui\u201d.<\/p>\n<p>Por\u00e9m, Medina n\u00e3o tem feito uma boa temporada, pois nas duas etapas anteriores, ambas disputadas no Hava\u00ed, n\u00e3o conseguiu superar as oitavas de final. Assim, a expectativa \u00e9 grande para ir bem em Peniche: \u201cJ\u00e1 tive bons momentos, como em 2017, outros n\u00e3o, mas \u00e9 um lugar que eu gosto muito. Tem uma onda parecida com onde eu vivo e estou confiante em conseguir um bom resultado aqui\u201d.<\/p>\n<p>Quem chega com muita confian\u00e7a aos Supertubos de Portugal \u00e9 a \u00fanica representante do Brasil entre as mulheres, Tatiana Weston-Webb, que em 2022 ficou com o t\u00edtulo em Peniche: \u201cO objetivo \u00e9 vencer aqui de novo. Quero entrar no ritmo de bons resultados e me sinto em casa aqui em Peniche. Eu amo esse lugar e espero repetir o bom desempenho do ano passado em Supertubos. N\u00e3o comecei bem o ano no Hava\u00ed, mas acredito no meu surfe e estou confiante. De qualquer maneira, esse evento certamente ser\u00e1 incr\u00edvel\u201d.<\/p>\n<p>Na competi\u00e7\u00e3o Tatiana ter\u00e1 o nome de Beatriz Haddad Maia gravado em sua camisa. A paulista de 26 anos \u00e9 o principal nome do t\u00eanis brasileiro no momento. A janela de competi\u00e7\u00f5es da etapa de Peniche do Circuito Mundial de Surfe vai at\u00e9 o dia 16 de mar\u00e7o.<\/p>\n<p><span style=\"font-weight: 400;\">Fonte: Ag\u00eancia Brasil <\/span><\/p>\n","protected":false},"excerpt":{"rendered":"<p>A janela de competi\u00e7\u00f5es da terceira etapa do Circuito Mundial de Surfe ter\u00e1 in\u00edcio na pr\u00f3xima quarta-feira (8) com uma homenagem especial por ocasi\u00e3o do Dia Internacional da Mulher. Na competi\u00e7\u00e3o disputada na praia dos Supertubos, em Peniche (Portugal), os competidores escolheram o nome de uma mulher de destaque do mundo do esporte para usarem [&hellip;]<\/p>\n","protected":false},"author":246,"featured_media":211094,"comment_status":"closed","ping_status":"closed","sticky":false,"template":"","format":"standard","meta":{"footnotes":""},"categories":[436,257,439],"tags":[],"class_list":["post-211093","post","type-post","status-publish","format-standard","has-post-thumbnail","hentry","category-destaque-da-semana","category-esporte","category-ultima-hora"],"_links":{"self":[{"href":"https:\/\/diarioregionaldigital.com.br\/index.php?rest_route=\/wp\/v2\/posts\/211093","targetHints":{"allow":["GET"]}}],"collection":[{"href":"https:\/\/diarioregionaldigital.com.br\/index.php?rest_route=\/wp\/v2\/posts"}],"about":[{"href":"https:\/\/diarioregionaldigital.com.br\/index.php?rest_route=\/wp\/v2\/types\/post"}],"author":[{"embeddable":true,"href":"https:\/\/diarioregionaldigital.com.br\/index.php?rest_route=\/wp\/v2\/users\/246"}],"replies":[{"embeddable":true,"href":"https:\/\/diarioregionaldigital.com.br\/index.php?rest_route=%2Fwp%2Fv2%2Fcomments&post=211093"}],"version-history":[{"count":1,"href":"https:\/\/diarioregionaldigital.com.br\/index.php?rest_route=\/wp\/v2\/posts\/211093\/revisions"}],"predecessor-version":[{"id":211095,"href":"https:\/\/diarioregionaldigital.com.br\/index.php?rest_route=\/wp\/v2\/posts\/211093\/revisions\/211095"}],"wp:featuredmedia":[{"embeddable":true,"href":"https:\/\/diarioregionaldigital.com.br\/index.php?rest_route=\/wp\/v2\/media\/211094"}],"wp:attachment":[{"href":"https:\/\/diarioregionaldigital.com.br\/index.php?rest_route=%2Fwp%2Fv2%2Fmedia&parent=211093"}],"wp:term":[{"taxonomy":"category","embeddable":true,"href":"https:\/\/diarioregionaldigital.com.br\/index.php?rest_route=%2Fwp%2Fv2%2Fcategories&post=211093"},{"taxonomy":"post_tag","embeddable":true,"href":"https:\/\/diarioregionaldigital.com.br\/index.php?rest_route=%2Fwp%2Fv2%2Ftags&post=211093"}],"curies":[{"name":"wp","href":"https:\/\/api.w.org\/{rel}","templated":true}]}}