{"id":211090,"date":"2023-03-08T01:19:12","date_gmt":"2023-03-08T04:19:12","guid":{"rendered":"https:\/\/diarioregionaldigital.com.br\/?p=211090"},"modified":"2023-03-08T01:19:12","modified_gmt":"2023-03-08T04:19:12","slug":"minas-conquista-o-tricampeonato-da-copa-brasil-de-volei-feminino","status":"publish","type":"post","link":"https:\/\/diarioregionaldigital.com.br\/?p=211090","title":{"rendered":"Minas conquista o tricampeonato da Copa Brasil de v\u00f4lei feminino"},"content":{"rendered":"<p>O Minas conquistou pela terceira vez na hist\u00f3ria o t\u00edtulo da Copa Brasil de v\u00f4lei feminino ap\u00f3s derrotar o Praia Clube por 3 sets a 1 (parciais de 28\/26, 25\/18, 15\/25 e 25\/17), na noite desta ter\u00e7a-feira (7) na Arena Jaragu\u00e1, em Jaragu\u00e1 do Sul (SC).<img decoding=\"async\" src=\"https:\/\/agenciabrasil.ebc.com.br\/ebc.png?id=1514802&amp;o=node\" \/><img decoding=\"async\" src=\"https:\/\/agenciabrasil.ebc.com.br\/ebc.gif?id=1514802&amp;o=node\" \/><\/p>\n<p>A equipe comandada pelo t\u00e9cnico italiano Nicola Negro j\u00e1 havia ficado no lugar mais alto do p\u00f3dio da competi\u00e7\u00e3o nas edi\u00e7\u00f5es de 2019 e 2021.<\/p>\n<p>Al\u00e9m do t\u00edtulo, o Minas garantiu presen\u00e7a na Supercopa 2023 e no campeonato Sul-Americano de clubes 2024. O confronto entre as duas equipes de Minas Gerais, que \u00e9 popularmente conhecido como Cl\u00e1ssico P\u00e3o de Queijo, j\u00e1 \u00e9 recorrente nas decis\u00f5es de campeonatos do v\u00f4lei nacional, como nas tr\u00eas \u00faltimas finais da Superliga feminina.<\/p>\n<p><span style=\"font-weight: 400;\">Fonte: Ag\u00eancia Brasil <\/span><\/p>\n","protected":false},"excerpt":{"rendered":"<p>O Minas conquistou pela terceira vez na hist\u00f3ria o t\u00edtulo da Copa Brasil de v\u00f4lei feminino ap\u00f3s derrotar o Praia Clube por 3 sets a 1 (parciais de 28\/26, 25\/18, 15\/25 e 25\/17), na noite desta ter\u00e7a-feira (7) na Arena Jaragu\u00e1, em Jaragu\u00e1 do Sul (SC). A equipe comandada pelo t\u00e9cnico italiano Nicola Negro j\u00e1 [&hellip;]<\/p>\n","protected":false},"author":246,"featured_media":211091,"comment_status":"closed","ping_status":"closed","sticky":false,"template":"","format":"standard","meta":{"footnotes":""},"categories":[436,440,257,439],"tags":[],"class_list":["post-211090","post","type-post","status-publish","format-standard","has-post-thumbnail","hentry","category-destaque-da-semana","category-destaques-do-dia","category-esporte","category-ultima-hora"],"_links":{"self":[{"href":"https:\/\/diarioregionaldigital.com.br\/index.php?rest_route=\/wp\/v2\/posts\/211090","targetHints":{"allow":["GET"]}}],"collection":[{"href":"https:\/\/diarioregionaldigital.com.br\/index.php?rest_route=\/wp\/v2\/posts"}],"about":[{"href":"https:\/\/diarioregionaldigital.com.br\/index.php?rest_route=\/wp\/v2\/types\/post"}],"author":[{"embeddable":true,"href":"https:\/\/diarioregionaldigital.com.br\/index.php?rest_route=\/wp\/v2\/users\/246"}],"replies":[{"embeddable":true,"href":"https:\/\/diarioregionaldigital.com.br\/index.php?rest_route=%2Fwp%2Fv2%2Fcomments&post=211090"}],"version-history":[{"count":1,"href":"https:\/\/diarioregionaldigital.com.br\/index.php?rest_route=\/wp\/v2\/posts\/211090\/revisions"}],"predecessor-version":[{"id":211092,"href":"https:\/\/diarioregionaldigital.com.br\/index.php?rest_route=\/wp\/v2\/posts\/211090\/revisions\/211092"}],"wp:featuredmedia":[{"embeddable":true,"href":"https:\/\/diarioregionaldigital.com.br\/index.php?rest_route=\/wp\/v2\/media\/211091"}],"wp:attachment":[{"href":"https:\/\/diarioregionaldigital.com.br\/index.php?rest_route=%2Fwp%2Fv2%2Fmedia&parent=211090"}],"wp:term":[{"taxonomy":"category","embeddable":true,"href":"https:\/\/diarioregionaldigital.com.br\/index.php?rest_route=%2Fwp%2Fv2%2Fcategories&post=211090"},{"taxonomy":"post_tag","embeddable":true,"href":"https:\/\/diarioregionaldigital.com.br\/index.php?rest_route=%2Fwp%2Fv2%2Ftags&post=211090"}],"curies":[{"name":"wp","href":"https:\/\/api.w.org\/{rel}","templated":true}]}}