{"id":211084,"date":"2023-03-08T01:11:11","date_gmt":"2023-03-08T04:11:11","guid":{"rendered":"https:\/\/diarioregionaldigital.com.br\/?p=211084"},"modified":"2023-03-08T01:11:11","modified_gmt":"2023-03-08T04:11:11","slug":"senado-aprova-pl-que-prioriza-emprego-para-mulher-vitima-de-violencia","status":"publish","type":"post","link":"https:\/\/diarioregionaldigital.com.br\/?p=211084","title":{"rendered":"Senado aprova PL que prioriza emprego para mulher v\u00edtima de viol\u00eancia"},"content":{"rendered":"<p>O Senado Federal aprovou nesta ter\u00e7a-feira (7) o Projeto de Lei n\u00ba 3.878\/20, de autoria do deputado Capit\u00e3o Alberto Neto (Republicanos-AM), que estabelece uma reserva de 10% das vagas do Sistema Nacional de Emprego (Sine) para mulheres v\u00edtimas de viol\u00eancia dom\u00e9stica ou familiar. O objetivo da proposta \u00e9 incentivar as mulheres v\u00edtimas de viol\u00eancia a ingressarem no mercado de trabalho.<img decoding=\"async\" src=\"https:\/\/agenciabrasil.ebc.com.br\/ebc.png?id=1514742&amp;o=node\" \/><img decoding=\"async\" src=\"https:\/\/agenciabrasil.ebc.com.br\/ebc.gif?id=1514742&amp;o=node\" \/><\/p>\n<p>A norma aprovada deve garantir o acesso priorit\u00e1rio e facilitado das mulheres v\u00edtimas de viol\u00eancia dom\u00e9stica, al\u00e9m de assegurar o tratamento sigiloso das informa\u00e7\u00f5es sens\u00edveis envolvendo a condi\u00e7\u00e3o da v\u00edtima para proteg\u00ea-la da revitimiza\u00e7\u00e3o. Caso as vagas priorit\u00e1ria n\u00e3o sejam preenchidas, poder\u00e3o ser transferidas para outras mulheres em geral ou destinadas ao restante do p\u00fablico do Sine.<\/p>\n<p>Segundo o parecer da relatora, senadora Augusta Brito (PT-CE), a proposta visa dar a chance de a mulher que est\u00e1 em situa\u00e7\u00e3o de viol\u00eancia dom\u00e9stica conseguir sua autonomia financeira, &#8220;dando-lhe a oportunidade de romper com la\u00e7os que a mant\u00eam subjugada a um lar violento&#8221;.<\/p>\n<p>O projeto foi aprovado pela C\u00e2mara dos Deputados em outubro de 2021 e agora segue para san\u00e7\u00e3o do presidente da Rep\u00fablica, Luiz In\u00e1cio Lula da Silva.<\/p>\n<p><span style=\"font-weight: 400;\">Fonte: Ag\u00eancia Brasil <\/span><\/p>\n","protected":false},"excerpt":{"rendered":"<p>O Senado Federal aprovou nesta ter\u00e7a-feira (7) o Projeto de Lei n\u00ba 3.878\/20, de autoria do deputado Capit\u00e3o Alberto Neto (Republicanos-AM), que estabelece uma reserva de 10% das vagas do Sistema Nacional de Emprego (Sine) para mulheres v\u00edtimas de viol\u00eancia dom\u00e9stica ou familiar. O objetivo da proposta \u00e9 incentivar as mulheres v\u00edtimas de viol\u00eancia a [&hellip;]<\/p>\n","protected":false},"author":246,"featured_media":211085,"comment_status":"closed","ping_status":"closed","sticky":false,"template":"","format":"standard","meta":{"footnotes":""},"categories":[436,254,439],"tags":[],"class_list":["post-211084","post","type-post","status-publish","format-standard","has-post-thumbnail","hentry","category-destaque-da-semana","category-politica","category-ultima-hora"],"_links":{"self":[{"href":"https:\/\/diarioregionaldigital.com.br\/index.php?rest_route=\/wp\/v2\/posts\/211084","targetHints":{"allow":["GET"]}}],"collection":[{"href":"https:\/\/diarioregionaldigital.com.br\/index.php?rest_route=\/wp\/v2\/posts"}],"about":[{"href":"https:\/\/diarioregionaldigital.com.br\/index.php?rest_route=\/wp\/v2\/types\/post"}],"author":[{"embeddable":true,"href":"https:\/\/diarioregionaldigital.com.br\/index.php?rest_route=\/wp\/v2\/users\/246"}],"replies":[{"embeddable":true,"href":"https:\/\/diarioregionaldigital.com.br\/index.php?rest_route=%2Fwp%2Fv2%2Fcomments&post=211084"}],"version-history":[{"count":1,"href":"https:\/\/diarioregionaldigital.com.br\/index.php?rest_route=\/wp\/v2\/posts\/211084\/revisions"}],"predecessor-version":[{"id":211086,"href":"https:\/\/diarioregionaldigital.com.br\/index.php?rest_route=\/wp\/v2\/posts\/211084\/revisions\/211086"}],"wp:featuredmedia":[{"embeddable":true,"href":"https:\/\/diarioregionaldigital.com.br\/index.php?rest_route=\/wp\/v2\/media\/211085"}],"wp:attachment":[{"href":"https:\/\/diarioregionaldigital.com.br\/index.php?rest_route=%2Fwp%2Fv2%2Fmedia&parent=211084"}],"wp:term":[{"taxonomy":"category","embeddable":true,"href":"https:\/\/diarioregionaldigital.com.br\/index.php?rest_route=%2Fwp%2Fv2%2Fcategories&post=211084"},{"taxonomy":"post_tag","embeddable":true,"href":"https:\/\/diarioregionaldigital.com.br\/index.php?rest_route=%2Fwp%2Fv2%2Ftags&post=211084"}],"curies":[{"name":"wp","href":"https:\/\/api.w.org\/{rel}","templated":true}]}}