{"id":211080,"date":"2023-03-08T01:08:55","date_gmt":"2023-03-08T04:08:55","guid":{"rendered":"https:\/\/diarioregionaldigital.com.br\/?p=211080"},"modified":"2023-03-08T01:08:55","modified_gmt":"2023-03-08T04:08:55","slug":"pacheco-e-condecorado-no-tse-por-atuacao-na-defesa-da-democracia","status":"publish","type":"post","link":"https:\/\/diarioregionaldigital.com.br\/?p=211080","title":{"rendered":"Pacheco \u00e9 condecorado no TSE por atua\u00e7\u00e3o na defesa da democracia"},"content":{"rendered":"<p>O presidente do Tribunal Superior Eleitoral (TSE), ministro Alexandre de Moraes, condecorou, nesta ter\u00e7a-feira (7), o presidente do Senado, Rodrigo Pacheco (PSD-MG), com a medalha da Ordem do M\u00e9rito Assis Brasil. A condecora\u00e7\u00e3o foi concedida a Pacheco pela &#8220;defesa da democracia&#8221; nos \u00faltimos tempos. A medalha \u00e9 a maior honraria concedida pela Justi\u00e7a Eleitoral.<img decoding=\"async\" src=\"https:\/\/agenciabrasil.ebc.com.br\/ebc.png?id=1514796&amp;o=node\" \/><img decoding=\"async\" src=\"https:\/\/agenciabrasil.ebc.com.br\/ebc.gif?id=1514796&amp;o=node\" \/><\/p>\n<p>Moraes disse que o presidente do Senado \u00e9 \u201cum dos grandes defensores do Estado Democr\u00e1tico de Direito\u201d. \u201cPacheco realiza atividade pol\u00edtico-partid\u00e1ria sem \u00f3dio, discrimina\u00e7\u00e3o, sem viol\u00eancia. Ele \u00e9 um agregador, pessoa com paci\u00eancia para discutir quest\u00f5es politicas e intransigente em rela\u00e7\u00e3o aos pilares da democracia\u201d, declarou.<\/p>\n<p>Durante a cerim\u00f4nia, a ministra do Supremo Tribunal Federal C\u00e1rmen L\u00facia, que tamb\u00e9m faz parte do tribunal eleitoral, disse que a homenagem representa o reconhecimento do desempenho do senador em tempos de &#8220;desleixo institucional&#8221;.<\/p>\n<p>\u201cO senador Rodrigo Pacheco \u00e9 exemplo de respeito, n\u00e3o apenas aos cidad\u00e3os, mas \u00e0s institui\u00e7\u00f5es e aos rituais que se imp\u00f5em ao desempenho das fun\u00e7\u00f5es p\u00fablicas. O povo merece respeito e os cargos estatais imp\u00f5em a compostura funcional que Pacheco ostenta\u201d, elogiou.<\/p>\n<p>A ministra tamb\u00e9m afirmou que a democracia permaneceu inabalada nos \u00faltimos anos porque homens e mulheres se puseram contra a \u201ctrai\u00e7\u00e3o da constitui\u00e7\u00e3o e da p\u00e1tria\u201d. \u201cOs poderes foram afrontados em suas bases democr\u00e1ticas nos \u00faltimos tempos. As paredes e bens que comp\u00f5em seus pr\u00e9dios foram agredidos, seus fundamentos foram questionados, os agentes que integram seus \u00f3rg\u00e3os foram atacados\u201d, completou.<\/p>\n<p>Ap\u00f3s agradecer a homenagem do TSE, Pacheco disse que o pa\u00eds viveu um \u201cper\u00edodo infeliz\u201d de ataques reiterados \u00e0 democracia e ao sistema eleitoral. O presidente do Senado aproveitou para fazer uma nova defesa \u00e0s urnas eletr\u00f4nicas, bastante atacadas pelo ex-presidente Jair Bolsonaro no ano passado, inclusive durante a corrida presidencial da qual saiu derrotado.<\/p>\n<p>\u201cAs urnas eletr\u00f4nicas sempre foram motivo de orgulho nacional e trouxeram, nesses 27 anos de uso no Brasil, transpar\u00eancia, confiabilidade e velocidade na apura\u00e7\u00e3o do resultado do pleito. Elas se tornaram ferramenta poderosa contra v\u00edcios eleitorais, muito frequentes na \u00e9poca do voto em papel. Representam marco democr\u00e1tico e civilizat\u00f3rio. A tentativa de desacredit\u00e1-las mostrou-se infrut\u00edfera\u201d.<\/p>\n<p>A cerim\u00f4nia foi acompanhada pelo presidente Lula, o vice-presidente, Geraldo Alckmin, o presidente da C\u00e2mara dos Deputados, Arthur Lira (PP-AL), ministros de tribunais superiores, ministros do Poder Executivo, governadores e demais autoridades.<\/p>\n<p><span style=\"font-weight: 400;\">Fonte: Ag\u00eancia Brasil <\/span><\/p>\n","protected":false},"excerpt":{"rendered":"<p>O presidente do Tribunal Superior Eleitoral (TSE), ministro Alexandre de Moraes, condecorou, nesta ter\u00e7a-feira (7), o presidente do Senado, Rodrigo Pacheco (PSD-MG), com a medalha da Ordem do M\u00e9rito Assis Brasil. A condecora\u00e7\u00e3o foi concedida a Pacheco pela &#8220;defesa da democracia&#8221; nos \u00faltimos tempos. A medalha \u00e9 a maior honraria concedida pela Justi\u00e7a Eleitoral. Moraes [&hellip;]<\/p>\n","protected":false},"author":246,"featured_media":211081,"comment_status":"closed","ping_status":"closed","sticky":false,"template":"","format":"standard","meta":{"footnotes":""},"categories":[436,254,439],"tags":[],"class_list":["post-211080","post","type-post","status-publish","format-standard","has-post-thumbnail","hentry","category-destaque-da-semana","category-politica","category-ultima-hora"],"_links":{"self":[{"href":"https:\/\/diarioregionaldigital.com.br\/index.php?rest_route=\/wp\/v2\/posts\/211080","targetHints":{"allow":["GET"]}}],"collection":[{"href":"https:\/\/diarioregionaldigital.com.br\/index.php?rest_route=\/wp\/v2\/posts"}],"about":[{"href":"https:\/\/diarioregionaldigital.com.br\/index.php?rest_route=\/wp\/v2\/types\/post"}],"author":[{"embeddable":true,"href":"https:\/\/diarioregionaldigital.com.br\/index.php?rest_route=\/wp\/v2\/users\/246"}],"replies":[{"embeddable":true,"href":"https:\/\/diarioregionaldigital.com.br\/index.php?rest_route=%2Fwp%2Fv2%2Fcomments&post=211080"}],"version-history":[{"count":2,"href":"https:\/\/diarioregionaldigital.com.br\/index.php?rest_route=\/wp\/v2\/posts\/211080\/revisions"}],"predecessor-version":[{"id":211083,"href":"https:\/\/diarioregionaldigital.com.br\/index.php?rest_route=\/wp\/v2\/posts\/211080\/revisions\/211083"}],"wp:featuredmedia":[{"embeddable":true,"href":"https:\/\/diarioregionaldigital.com.br\/index.php?rest_route=\/wp\/v2\/media\/211081"}],"wp:attachment":[{"href":"https:\/\/diarioregionaldigital.com.br\/index.php?rest_route=%2Fwp%2Fv2%2Fmedia&parent=211080"}],"wp:term":[{"taxonomy":"category","embeddable":true,"href":"https:\/\/diarioregionaldigital.com.br\/index.php?rest_route=%2Fwp%2Fv2%2Fcategories&post=211080"},{"taxonomy":"post_tag","embeddable":true,"href":"https:\/\/diarioregionaldigital.com.br\/index.php?rest_route=%2Fwp%2Fv2%2Ftags&post=211080"}],"curies":[{"name":"wp","href":"https:\/\/api.w.org\/{rel}","templated":true}]}}