{"id":211074,"date":"2023-03-08T01:00:42","date_gmt":"2023-03-08T04:00:42","guid":{"rendered":"https:\/\/diarioregionaldigital.com.br\/?p=211074"},"modified":"2023-03-08T01:00:42","modified_gmt":"2023-03-08T04:00:42","slug":"igp-di-tem-alta-de-004-em-fevereiro","status":"publish","type":"post","link":"https:\/\/diarioregionaldigital.com.br\/?p=211074","title":{"rendered":"IGP-DI tem alta de 0,04% em fevereiro"},"content":{"rendered":"<p>O \u00cdndice Geral de Pre\u00e7os \u2013 Disponibilidade Interna (IGP-DI) subiu 0,04%, um pouco menos do registrado em janeiro, de 0,06%. No ano, o indicador acumula alta de 0,09% e 1,53% em 12 meses. No mesmo m\u00eas no ano passado tinha avan\u00e7ado 1,50% e acumulava eleva\u00e7\u00e3o de 15,35% em 12 meses. Os dados foram divulgados nesta ter\u00e7a-feira (7) pelo Instituto Brasileiro de Economia da Funda\u00e7\u00e3o Getulio Vargas (Ibre\/FGV).<img decoding=\"async\" src=\"https:\/\/agenciabrasil.ebc.com.br\/ebc.png?id=1514573&amp;o=node\" \/><img decoding=\"async\" src=\"https:\/\/agenciabrasil.ebc.com.br\/ebc.gif?id=1514573&amp;o=node\" \/><\/p>\n<h2>IPA<\/h2>\n<p>O \u00cdndice de Pre\u00e7os ao Produtor Amplo (IPA) recuou 0,04% em fevereiro, enquanto no m\u00eas anterior a queda foi de 0,19%. Segundo o Ibre, na avalia\u00e7\u00e3o por est\u00e1gios de processamento, a taxa do grupo Bens Finais saiu da queda de 0,04% em janeiro para alta de 0,21% em fevereiro. O item combust\u00edveis para o consumo, que, do recuo de 2,31% em janeiro, chegou \u00e0 eleva\u00e7\u00e3o de 3,84% em fevereiro, foi a principal influ\u00eancia na acelera\u00e7\u00e3o da taxa. O \u00edndice de Bens Finais, que resulta da exclus\u00e3o de alimentos in natura e combust\u00edveis para o consumo, saiu do avan\u00e7o de 0,15% em janeiro para a retra\u00e7\u00e3o de 0,49% em fevereiro.<\/p>\n<p>De acordo com o Ibre, a taxa do grupo Bens Intermedi\u00e1rios saiu da queda de 1,19% em janeiro para o recuo de 0,70% em fevereiro. \u201cO principal respons\u00e1vel pela queda menos intensa foi o subgrupo combust\u00edveis e lubrificantes para a produ\u00e7\u00e3o, cuja taxa passou de menos 3,98% para menos 3,54%\u201d, informou, acrescentando que o \u00edndice de Bens Intermedi\u00e1rios, calculado ap\u00f3s a exclus\u00e3o de combust\u00edveis e lubrificantes para a produ\u00e7\u00e3o, teve queda mais acentuada em fevereiro, de 0,12% na compara\u00e7\u00e3o com a anterior, quando registrou redu\u00e7\u00e3o de 0,60%.<\/p>\n<p>Depois de avan\u00e7ar 0,79% em janeiro, o est\u00e1gio das Mat\u00e9rias-Primas Brutas subiu 0,44% em fevereiro. O resultado foi favorecido pelos desempenhos dos itens min\u00e9rio de ferro que passou de 7,05% para 2,63%; soja em gr\u00e3o de queda de 1,53% para queda de 3,06%, e bovinos, de queda de 1,08% para menos 2,37%. No movimento contr\u00e1rio, ficaram caf\u00e9 em gr\u00e3o (0,92% para 10,07%), leite in natura (0,03% para 3,07%) e cana-de-a\u00e7\u00facar (-0,70% para 0,72%).<\/p>\n<h2>IPC<\/h2>\n<p>J\u00e1 o \u00cdndice de Pre\u00e7os ao Consumidor (IPC) ap\u00f3s crescer 0,80% em janeiro variou 0,34% em fevereiro. Conforme o Ibre, quatro das oito classes de despesa componentes desse indicador apresentaram redu\u00e7\u00e3o nas suas taxas de varia\u00e7\u00e3o como Educa\u00e7\u00e3o, Leitura e Recrea\u00e7\u00e3o (de 3,28% para -0,80%), Alimenta\u00e7\u00e3o (de 0,48% para -0,03%), Transportes (de 0,92% para 0,43%) e Comunica\u00e7\u00e3o (de 0,73% para 0,67%). \u201cNestas classes de despesa, vale mencionar o comportamento dos seguintes itens: cursos formais (7,45% para 0,00%), hortali\u00e7as e legumes (-0,27% para -7,09%), gasolina (1,12% para -0,26%) e combo de telefonia, internet e TV por assinatura (1,66% para 0,96%)\u201d, observou o Ibre em texto publicado no site da FGV.<\/p>\n<p>Em desempenhos diferentes, os grupos Habita\u00e7\u00e3o (0,26% para 0,60%), Sa\u00fade e Cuidados Pessoais (0,42% para 0,84%), Vestu\u00e1rio (-0,08% para 0,36%) e Despesas Diversas (0,97% para 1,01%) registraram eleva\u00e7\u00e3o nas suas taxas. \u201cEstas classes de despesa foram influenciadas pelos seguintes itens: aluguel residencial (-1,08% para 2,71%), artigos de higiene e cuidado pessoal (-0,17% para 1,35%), roupas (-0,20% para 0,49%) e servi\u00e7os banc\u00e1rios (1,26% para 1,49%)\u201d, aponta a pesquisa.<\/p>\n<h2>N\u00facleo<\/h2>\n<p>O n\u00facleo do IPC subiu para 0,36% em fevereiro, enquanto em janeiro tinha sido de 0,28%. Dos 85 itens integrantes do IPC, 23 foram exclu\u00eddos do c\u00e1lculo do n\u00facleo. Entre eles, 10 apresentaram taxas abaixo de menos 0,34% e 13 registraram varia\u00e7\u00f5es acima de 0,80%. O Ibre informou ainda que o \u00edndice de difus\u00e3o, que mede a propor\u00e7\u00e3o de itens com taxa de varia\u00e7\u00e3o positiva, chegou a 60%, o que representa 9,68 pontos percentuais abaixo do registrado em janeiro. Naquele m\u00eas tinha ficado em 69,68%.<\/p>\n<h2>INCC<\/h2>\n<p>O \u00cdndice Nacional de Custo da Constru\u00e7\u00e3o (INCC) subiu 0,05% em fevereiro, o que significa um recuo em rela\u00e7\u00e3o ao m\u00eas anterior, quando registrou 0,46%. Os tr\u00eas grupos que comp\u00f5em o INCC tiveram comportamentos diferentes na passagem de janeiro para fevereiro. Materiais e Equipamentos sa\u00edram de alta 0,05% para queda de 0,12%; Servi\u00e7os recuaram de 1,02% para 0,97% e M\u00e3o de Obra de 0,70% para 0,02%.<\/p>\n<p>Para o coordenador dos \u00cdndices de Pre\u00e7os, Andr\u00e9 Braz, embora o \u00edndice ao produtor tenha apresentado queda menos intensa (de menos 0,19% para menos 0,04%), os outros \u00edndices componentes do indicador geral desaceleraram, o que manteve praticamente est\u00e1vel a varia\u00e7\u00e3o m\u00e9dia do IGP.<\/p>\n<p>\u201cA infla\u00e7\u00e3o ao consumidor [de 0,80% para 0,34%] recuou dada a desacelera\u00e7\u00e3o do grupo Educa\u00e7\u00e3o, Leitura e Recrea\u00e7\u00e3o e a infla\u00e7\u00e3o para a constru\u00e7\u00e3o civil [de 0,46% para 0,05%] cedeu diante da alta menos intensa registrada para os pre\u00e7os dos Materiais, Equipamentos e Servi\u00e7os e da M\u00e3o de Obra\u201d, disse o Ibre.<\/p>\n<p><span style=\"font-weight: 400;\">Fonte: Ag\u00eancia Brasil <\/span><\/p>\n","protected":false},"excerpt":{"rendered":"<p>O \u00cdndice Geral de Pre\u00e7os \u2013 Disponibilidade Interna (IGP-DI) subiu 0,04%, um pouco menos do registrado em janeiro, de 0,06%. No ano, o indicador acumula alta de 0,09% e 1,53% em 12 meses. No mesmo m\u00eas no ano passado tinha avan\u00e7ado 1,50% e acumulava eleva\u00e7\u00e3o de 15,35% em 12 meses. Os dados foram divulgados nesta [&hellip;]<\/p>\n","protected":false},"author":246,"featured_media":211075,"comment_status":"closed","ping_status":"closed","sticky":false,"template":"","format":"standard","meta":{"footnotes":""},"categories":[436,261,439],"tags":[],"class_list":["post-211074","post","type-post","status-publish","format-standard","has-post-thumbnail","hentry","category-destaque-da-semana","category-economia","category-ultima-hora"],"_links":{"self":[{"href":"https:\/\/diarioregionaldigital.com.br\/index.php?rest_route=\/wp\/v2\/posts\/211074","targetHints":{"allow":["GET"]}}],"collection":[{"href":"https:\/\/diarioregionaldigital.com.br\/index.php?rest_route=\/wp\/v2\/posts"}],"about":[{"href":"https:\/\/diarioregionaldigital.com.br\/index.php?rest_route=\/wp\/v2\/types\/post"}],"author":[{"embeddable":true,"href":"https:\/\/diarioregionaldigital.com.br\/index.php?rest_route=\/wp\/v2\/users\/246"}],"replies":[{"embeddable":true,"href":"https:\/\/diarioregionaldigital.com.br\/index.php?rest_route=%2Fwp%2Fv2%2Fcomments&post=211074"}],"version-history":[{"count":1,"href":"https:\/\/diarioregionaldigital.com.br\/index.php?rest_route=\/wp\/v2\/posts\/211074\/revisions"}],"predecessor-version":[{"id":211076,"href":"https:\/\/diarioregionaldigital.com.br\/index.php?rest_route=\/wp\/v2\/posts\/211074\/revisions\/211076"}],"wp:featuredmedia":[{"embeddable":true,"href":"https:\/\/diarioregionaldigital.com.br\/index.php?rest_route=\/wp\/v2\/media\/211075"}],"wp:attachment":[{"href":"https:\/\/diarioregionaldigital.com.br\/index.php?rest_route=%2Fwp%2Fv2%2Fmedia&parent=211074"}],"wp:term":[{"taxonomy":"category","embeddable":true,"href":"https:\/\/diarioregionaldigital.com.br\/index.php?rest_route=%2Fwp%2Fv2%2Fcategories&post=211074"},{"taxonomy":"post_tag","embeddable":true,"href":"https:\/\/diarioregionaldigital.com.br\/index.php?rest_route=%2Fwp%2Fv2%2Ftags&post=211074"}],"curies":[{"name":"wp","href":"https:\/\/api.w.org\/{rel}","templated":true}]}}