{"id":211068,"date":"2023-03-08T00:54:35","date_gmt":"2023-03-08T03:54:35","guid":{"rendered":"https:\/\/diarioregionaldigital.com.br\/?p=211068"},"modified":"2023-03-08T00:54:35","modified_gmt":"2023-03-08T03:54:35","slug":"brasil-podera-exportar-carne-bovina-para-o-mexico","status":"publish","type":"post","link":"https:\/\/diarioregionaldigital.com.br\/?p=211068","title":{"rendered":"Brasil poder\u00e1 exportar carne bovina para o M\u00e9xico"},"content":{"rendered":"<p>A partir desta semana, o Brasil pode exportar carne bovina para o M\u00e9xico. O pa\u00eds habilitou 34 plantas frigor\u00edficas a venderem para o mercado mexicano, ap\u00f3s 12 anos de negocia\u00e7\u00f5es.<img decoding=\"async\" src=\"https:\/\/agenciabrasil.ebc.com.br\/ebc.png?id=1514689&amp;o=node\" \/><img decoding=\"async\" src=\"https:\/\/agenciabrasil.ebc.com.br\/ebc.gif?id=1514689&amp;o=node\" \/><\/p>\n<p>O M\u00e9xico poder\u00e1 comprar carne bovina de Santa Catarina, estado reconhecido pela Organiza\u00e7\u00e3o Mundial de Sa\u00fade Animal (OMSA) como zona livre de febre aftosa. O pa\u00eds tamb\u00e9m poder\u00e1 comprar carne in natura e desossada de outros 14 estados declarados livres de febre aftosa, com vacina\u00e7\u00e3o.<\/p>\n<p>Segunda-feira (6) \u00e0 noite, o governo mexicano publicou os requisitos zoosanit\u00e1rios para a compra de carne bovina do Brasil, \u00faltimo passo para a libera\u00e7\u00e3o dos 34 frigor\u00edficos. A autoriza\u00e7\u00e3o ocorre um m\u00eas ap\u00f3s o M\u00e9xico liberar a importa\u00e7\u00e3o da carne su\u00edna brasileira.<\/p>\n<p>Segundo o Minist\u00e9rio da Agricultura e Pecu\u00e1ria, a abertura do mercado mexicano representa uma oportunidade hist\u00f3rica para as rela\u00e7\u00f5es comerciais brasileiras. A expans\u00e3o dos mercados, informou a pasta, propicia a retomada do crescimento da pecu\u00e1ria, que sofreu um golpe no m\u00eas passado, com a\u00a0<a href=\"https:\/\/agenciabrasil.ebc.com.br\/economia\/noticia\/2023-02\/para-confirma-caso-de-vaca-louca-no-interior-do-estado\" target=\"_blank\" rel=\"noopener\">descoberta de um caso at\u00edpico de mal da vaca louca numa fazenda em Marab\u00e1 (PA)<\/a>.<\/p>\n<p>Em 2011, o Brasil havia pedido ao M\u00e9xico autoriza\u00e7\u00e3o para exportar aves, bovinos e su\u00ednos ao pa\u00eds. Desde o in\u00edcio do ano, destacou o Minist\u00e9rio da Agricultura e Pecu\u00e1ria, foram habilitadas plantas frigor\u00edficas para a exporta\u00e7\u00e3o para a Indon\u00e9sia e derrubadas as suspens\u00f5es de mais tr\u00eas frigor\u00edficos para a comercializa\u00e7\u00e3o aos chineses.<\/p>\n<h2>Vaca louca<\/h2>\n<p>De acordo com o Servi\u00e7o Nacional de Sa\u00fade, Seguran\u00e7a e Qualidade Alimentar do M\u00e9xico, o governo brasileiro comunicou que o caso de vaca louca \u00e9 at\u00edpico e sem risco de transmiss\u00e3o para outros animais e humanos. Segundo o \u00f3rg\u00e3o, como o Brasil mant\u00e9m o status de risco insignificante para o mal da vaca louca, as vendas de carne para o M\u00e9xico podem ser liberadas sem problemas.<\/p>\n<p>Em rela\u00e7\u00e3o aos demais pa\u00edses que suspenderam a compra de carne bovina brasileira ap\u00f3s a descoberta do mal da vaca louca, equipes t\u00e9cnicas do Minist\u00e9rio da Agricultura t\u00eam uma nova reuni\u00e3o nesta ter\u00e7a-feira com autoridades chinesas. Desde a notifica\u00e7\u00e3o do caso at\u00edpico no sudeste do Par\u00e1, quatro pa\u00edses deixaram de comprar o produto brasileiro: China, Ir\u00e1, Jord\u00e2nia e Tail\u00e2ndia.<\/p>\n<p><span style=\"font-weight: 400;\">Fonte: Ag\u00eancia Brasil <\/span><\/p>\n","protected":false},"excerpt":{"rendered":"<p>A partir desta semana, o Brasil pode exportar carne bovina para o M\u00e9xico. O pa\u00eds habilitou 34 plantas frigor\u00edficas a venderem para o mercado mexicano, ap\u00f3s 12 anos de negocia\u00e7\u00f5es. O M\u00e9xico poder\u00e1 comprar carne bovina de Santa Catarina, estado reconhecido pela Organiza\u00e7\u00e3o Mundial de Sa\u00fade Animal (OMSA) como zona livre de febre aftosa. O [&hellip;]<\/p>\n","protected":false},"author":246,"featured_media":211069,"comment_status":"closed","ping_status":"closed","sticky":false,"template":"","format":"standard","meta":{"footnotes":""},"categories":[436,261,439],"tags":[],"class_list":["post-211068","post","type-post","status-publish","format-standard","has-post-thumbnail","hentry","category-destaque-da-semana","category-economia","category-ultima-hora"],"_links":{"self":[{"href":"https:\/\/diarioregionaldigital.com.br\/index.php?rest_route=\/wp\/v2\/posts\/211068","targetHints":{"allow":["GET"]}}],"collection":[{"href":"https:\/\/diarioregionaldigital.com.br\/index.php?rest_route=\/wp\/v2\/posts"}],"about":[{"href":"https:\/\/diarioregionaldigital.com.br\/index.php?rest_route=\/wp\/v2\/types\/post"}],"author":[{"embeddable":true,"href":"https:\/\/diarioregionaldigital.com.br\/index.php?rest_route=\/wp\/v2\/users\/246"}],"replies":[{"embeddable":true,"href":"https:\/\/diarioregionaldigital.com.br\/index.php?rest_route=%2Fwp%2Fv2%2Fcomments&post=211068"}],"version-history":[{"count":1,"href":"https:\/\/diarioregionaldigital.com.br\/index.php?rest_route=\/wp\/v2\/posts\/211068\/revisions"}],"predecessor-version":[{"id":211070,"href":"https:\/\/diarioregionaldigital.com.br\/index.php?rest_route=\/wp\/v2\/posts\/211068\/revisions\/211070"}],"wp:featuredmedia":[{"embeddable":true,"href":"https:\/\/diarioregionaldigital.com.br\/index.php?rest_route=\/wp\/v2\/media\/211069"}],"wp:attachment":[{"href":"https:\/\/diarioregionaldigital.com.br\/index.php?rest_route=%2Fwp%2Fv2%2Fmedia&parent=211068"}],"wp:term":[{"taxonomy":"category","embeddable":true,"href":"https:\/\/diarioregionaldigital.com.br\/index.php?rest_route=%2Fwp%2Fv2%2Fcategories&post=211068"},{"taxonomy":"post_tag","embeddable":true,"href":"https:\/\/diarioregionaldigital.com.br\/index.php?rest_route=%2Fwp%2Fv2%2Ftags&post=211068"}],"curies":[{"name":"wp","href":"https:\/\/api.w.org\/{rel}","templated":true}]}}