{"id":211050,"date":"2023-03-06T20:38:01","date_gmt":"2023-03-06T23:38:01","guid":{"rendered":"https:\/\/diarioregionaldigital.com.br\/?p=211050"},"modified":"2023-03-06T20:38:01","modified_gmt":"2023-03-06T23:38:01","slug":"pjf-inicia-recapeamento-da-avenida-coronel-vidal-e-da-rua-dr-henrique-burnier","status":"publish","type":"post","link":"https:\/\/diarioregionaldigital.com.br\/?p=211050","title":{"rendered":"PJF inicia recapeamento da Avenida Coronel Vidal e da Rua Dr. Henrique Burnier"},"content":{"rendered":"<p>Segundo informa\u00e7\u00f5es do site da Prefeitura de Juiz de Fora (PJF), a PJF deu in\u00edcio nesta segunda-feira, 6, ao recapeamento asf\u00e1ltico de duas importantes vias de liga\u00e7\u00e3o entre a zona norte e a \u00e1rea central da cidade. A Avenida Coronel Vidal e a Rua Dr. Henrique Burnier v\u00e3o receber asfalto novo em quase tr\u00eas quil\u00f4metros de extens\u00e3o.<\/p>\n<p>No total, ser\u00e1 recapeada uma \u00e1rea de mais de 32 mil metros quadrados, com previs\u00e3o de aplica\u00e7\u00e3o de cerca de 3.700 toneladas de massa asf\u00e1ltica. As vias cortam os bairros Cer\u00e2mica, S\u00e3o Dimas e Mariano Proc\u00f3pio, e, em seu percurso, passam por importantes pontos como a Rodovi\u00e1ria de Juiz de Fora e o Shopping Jardim Norte.<\/p>\n<p>A previs\u00e3o \u00e9 que a Empresa Municipal de Pavimenta\u00e7\u00e3o e Urbanidades (Empav) conclua os trabalhos at\u00e9 o final da pr\u00f3xima semana, oferecendo mais conforto, seguran\u00e7a e fluidez no tr\u00e2nsito para quem circula pela regi\u00e3o.<\/p>\n<p>As a\u00e7\u00f5es seguem em andamento na cidade e a programa\u00e7\u00e3o di\u00e1ria completa pode ser conferida na p\u00e1gina do Gabinete de A\u00e7\u00e3o e Di\u00e1logo Comunit\u00e1rio atrav\u00e9s do<a href=\"https:\/\/www.pjf.mg.gov.br\/gabinetecomunitario\/#onde\">\u00a0<strong>link<\/strong><\/a>. Para solicitar servi\u00e7os de zeladoria em vias p\u00fablicas, como tapa-buracos, poda e corte de \u00e1rvores, limpeza de pra\u00e7as e outros, entre em contato com o Gabinete de A\u00e7\u00e3o e Di\u00e1logo Comunit\u00e1rio, atrav\u00e9s do telefone (32) 3690-7241 (liga\u00e7\u00e3o ou WhatsApp).<\/p>\n","protected":false},"excerpt":{"rendered":"<p>Segundo informa\u00e7\u00f5es do site da Prefeitura de Juiz de Fora (PJF), a PJF deu in\u00edcio nesta segunda-feira, 6, ao recapeamento asf\u00e1ltico de duas importantes vias de liga\u00e7\u00e3o entre a zona norte e a \u00e1rea central da cidade. A Avenida Coronel Vidal e a Rua Dr. Henrique Burnier v\u00e3o receber asfalto novo em quase tr\u00eas quil\u00f4metros [&hellip;]<\/p>\n","protected":false},"author":246,"featured_media":211051,"comment_status":"closed","ping_status":"closed","sticky":false,"template":"","format":"standard","meta":{"footnotes":""},"categories":[253,436,439],"tags":[],"class_list":["post-211050","post","type-post","status-publish","format-standard","has-post-thumbnail","hentry","category-cidade","category-destaque-da-semana","category-ultima-hora"],"_links":{"self":[{"href":"https:\/\/diarioregionaldigital.com.br\/index.php?rest_route=\/wp\/v2\/posts\/211050","targetHints":{"allow":["GET"]}}],"collection":[{"href":"https:\/\/diarioregionaldigital.com.br\/index.php?rest_route=\/wp\/v2\/posts"}],"about":[{"href":"https:\/\/diarioregionaldigital.com.br\/index.php?rest_route=\/wp\/v2\/types\/post"}],"author":[{"embeddable":true,"href":"https:\/\/diarioregionaldigital.com.br\/index.php?rest_route=\/wp\/v2\/users\/246"}],"replies":[{"embeddable":true,"href":"https:\/\/diarioregionaldigital.com.br\/index.php?rest_route=%2Fwp%2Fv2%2Fcomments&post=211050"}],"version-history":[{"count":1,"href":"https:\/\/diarioregionaldigital.com.br\/index.php?rest_route=\/wp\/v2\/posts\/211050\/revisions"}],"predecessor-version":[{"id":211052,"href":"https:\/\/diarioregionaldigital.com.br\/index.php?rest_route=\/wp\/v2\/posts\/211050\/revisions\/211052"}],"wp:featuredmedia":[{"embeddable":true,"href":"https:\/\/diarioregionaldigital.com.br\/index.php?rest_route=\/wp\/v2\/media\/211051"}],"wp:attachment":[{"href":"https:\/\/diarioregionaldigital.com.br\/index.php?rest_route=%2Fwp%2Fv2%2Fmedia&parent=211050"}],"wp:term":[{"taxonomy":"category","embeddable":true,"href":"https:\/\/diarioregionaldigital.com.br\/index.php?rest_route=%2Fwp%2Fv2%2Fcategories&post=211050"},{"taxonomy":"post_tag","embeddable":true,"href":"https:\/\/diarioregionaldigital.com.br\/index.php?rest_route=%2Fwp%2Fv2%2Ftags&post=211050"}],"curies":[{"name":"wp","href":"https:\/\/api.w.org\/{rel}","templated":true}]}}