{"id":211047,"date":"2023-03-06T20:35:15","date_gmt":"2023-03-06T23:35:15","guid":{"rendered":"https:\/\/diarioregionaldigital.com.br\/?p=211047"},"modified":"2023-03-06T20:35:15","modified_gmt":"2023-03-06T23:35:15","slug":"restaurante-popular-serve-698-refeicoes-para-a-populacao-em-situacao-de-rua-no-final-de-semana","status":"publish","type":"post","link":"https:\/\/diarioregionaldigital.com.br\/?p=211047","title":{"rendered":"Restaurante Popular serve 698 refei\u00e7\u00f5es para a popula\u00e7\u00e3o em situa\u00e7\u00e3o de rua no final de semana"},"content":{"rendered":"<p>Segundo informa\u00e7\u00f5es do site da Prefeitura de Juiz de Fora (PJF), no primeiro final de semana de funcionamento do Restaurante Popular para a popula\u00e7\u00e3o em situa\u00e7\u00e3o de rua, 698 pessoas puderam se alimentar em um espa\u00e7o digno com comida de qualidade. Foram servidas 332 refei\u00e7\u00f5es no s\u00e1bado e 366 no domingo.<\/p>\n<p>O Restaurante Yeda Duarte Gomes, localizado na Rua Halfeld, 305, Centro, passou a funcionar aos finais de semana e feriados, das 11h \u00e0s 13h, de forma gratuita, para as pessoas cadastradas e assistidas pelos equipamentos da assist\u00eancia social do munic\u00edpio de Juiz de Fora (Centro de Refer\u00eancia de Assist\u00eancia Social, Centro de Refer\u00eancia Especializado de Assist\u00eancia Social, entre outros).<\/p>\n<p>De acordo com a prefeita, Margarida Salom\u00e3o, \u201co projeto final de semana sem fome \u00e9 mais uma das tantas iniciativas para combater a fome na nossa cidade. Esta a\u00e7\u00e3o \u00e9 para os mais vulner\u00e1veis que vinham sendo atendidos muito bem pela Funda\u00e7\u00e3o Maria M\u00e3e. Mas a nossa inten\u00e7\u00e3o \u00e9 ampliar esse trabalho com comida boa e de qualidade no restaurante popular. Em Juiz de Fora, a cidade n\u00e3o fecha para quem tem fome\u201d, destacou a prefeita.<\/p>\n","protected":false},"excerpt":{"rendered":"<p>Segundo informa\u00e7\u00f5es do site da Prefeitura de Juiz de Fora (PJF), no primeiro final de semana de funcionamento do Restaurante Popular para a popula\u00e7\u00e3o em situa\u00e7\u00e3o de rua, 698 pessoas puderam se alimentar em um espa\u00e7o digno com comida de qualidade. Foram servidas 332 refei\u00e7\u00f5es no s\u00e1bado e 366 no domingo. O Restaurante Yeda Duarte [&hellip;]<\/p>\n","protected":false},"author":246,"featured_media":211048,"comment_status":"closed","ping_status":"closed","sticky":false,"template":"","format":"standard","meta":{"footnotes":""},"categories":[253,436,439],"tags":[],"class_list":["post-211047","post","type-post","status-publish","format-standard","has-post-thumbnail","hentry","category-cidade","category-destaque-da-semana","category-ultima-hora"],"_links":{"self":[{"href":"https:\/\/diarioregionaldigital.com.br\/index.php?rest_route=\/wp\/v2\/posts\/211047","targetHints":{"allow":["GET"]}}],"collection":[{"href":"https:\/\/diarioregionaldigital.com.br\/index.php?rest_route=\/wp\/v2\/posts"}],"about":[{"href":"https:\/\/diarioregionaldigital.com.br\/index.php?rest_route=\/wp\/v2\/types\/post"}],"author":[{"embeddable":true,"href":"https:\/\/diarioregionaldigital.com.br\/index.php?rest_route=\/wp\/v2\/users\/246"}],"replies":[{"embeddable":true,"href":"https:\/\/diarioregionaldigital.com.br\/index.php?rest_route=%2Fwp%2Fv2%2Fcomments&post=211047"}],"version-history":[{"count":1,"href":"https:\/\/diarioregionaldigital.com.br\/index.php?rest_route=\/wp\/v2\/posts\/211047\/revisions"}],"predecessor-version":[{"id":211049,"href":"https:\/\/diarioregionaldigital.com.br\/index.php?rest_route=\/wp\/v2\/posts\/211047\/revisions\/211049"}],"wp:featuredmedia":[{"embeddable":true,"href":"https:\/\/diarioregionaldigital.com.br\/index.php?rest_route=\/wp\/v2\/media\/211048"}],"wp:attachment":[{"href":"https:\/\/diarioregionaldigital.com.br\/index.php?rest_route=%2Fwp%2Fv2%2Fmedia&parent=211047"}],"wp:term":[{"taxonomy":"category","embeddable":true,"href":"https:\/\/diarioregionaldigital.com.br\/index.php?rest_route=%2Fwp%2Fv2%2Fcategories&post=211047"},{"taxonomy":"post_tag","embeddable":true,"href":"https:\/\/diarioregionaldigital.com.br\/index.php?rest_route=%2Fwp%2Fv2%2Ftags&post=211047"}],"curies":[{"name":"wp","href":"https:\/\/api.w.org\/{rel}","templated":true}]}}