{"id":211032,"date":"2023-03-06T20:18:23","date_gmt":"2023-03-06T23:18:23","guid":{"rendered":"https:\/\/diarioregionaldigital.com.br\/?p=211032"},"modified":"2023-03-06T20:18:23","modified_gmt":"2023-03-06T23:18:23","slug":"copa-do-nordeste-bahia-fica-no-1-a-1-com-vitoria-e-nao-encosta-no-g4","status":"publish","type":"post","link":"https:\/\/diarioregionaldigital.com.br\/?p=211032","title":{"rendered":"Copa do Nordeste: Bahia fica no 1 a 1 com Vit\u00f3ria e n\u00e3o encosta no G4"},"content":{"rendered":"<p>Jogando com apoio da torcida na Arena Fonte Nova, o Bahia saiu atr\u00e1s no cl\u00e1ssico contra o Vit\u00f3ria, mas conseguiu o empate em 1 a 1 neste domingo (5), em partida da sexta e antepen\u00faltima rodada da fase de grupos da Copa do Nordeste. Oswaldo abriu o placar para os visitantes aos oito minutos, e Jacar\u00e9 garantiu o empate nos acr\u00e9scimos da primeira etapa.\u00a0<img decoding=\"async\" src=\"https:\/\/agenciabrasil.ebc.com.br\/ebc.png?id=1514379&amp;o=node\" \/><img decoding=\"async\" src=\"https:\/\/agenciabrasil.ebc.com.br\/ebc.gif?id=1514379&amp;o=node\" \/><\/p>\n<p>N\u00e3o era o resultado que o Bahia almejava diante de 42.387 torcedores que lotaram o est\u00e1dio. O Tricolor buscava os tr\u00eas pontos para se aproximar do G4 da chave B &#8211; os quatro primeiros se classificam \u00e0s quartas de final. Agora segue em s\u00e9timo lugar, com cinco pontos, Para o Vit\u00f3ria o empate significou o adeus \u00e0s quartas. O Rubro-Negro soma apenas tr\u00eas pontos, est\u00e1 em s\u00e9timo lugar no Grupo A, e n\u00e3o tem mais chances de avan\u00e7ar.<\/p>\n<p>O Vit\u00f3ria precisou de apenas oito minutos para abrir o placar na Fonte Nova. A constru\u00e7\u00e3o da jogada come\u00e7ou ap\u00f3s a zaga afastar com precis\u00e3o a cobran\u00e7a de escanteio do Bahia. Quem recebeu a bola foi o atacante Thiago Lopes,\u00a0 que lan\u00e7ou Oswaldo nas costas da defesa advers\u00e1ria, em um contra-ataque de almanaque. O camisa 11 disparou sozinho, deixou os marcadores para tr\u00e1s\u00a0 e chutou na sa\u00edda do goleiro Marcos Felipe. Na sequ\u00eancia, o Tricolor acordou na partida e botou press\u00e3o. Quase empatou com cabe\u00e7adas ao gol do volante Rezende e do lateral-esquerdo Matheus Bahia. Depois, aos 33 minutos, em cobran\u00e7a de falta em dois lances, Jacar\u00e9 disparou um foguete em dire\u00e7\u00e3o ao gol, mas Arcanjo espalmou e a bola acertou a trave. E coube a ele, camisa 29, empatar para o Tricolor dentro de casa. J\u00e1 nos acr\u00e9scimos, Jacar\u00e9 mandar para o fundo da rede ap\u00f3s receber cruzamento de Matheus Bahia.<\/p>\n<p>No segundo tempo, as duas equipes partiram para o ataque. O Bahia quase virou o placar em duas boas oportunidades em sequ\u00eancia, com L\u00e9o Gamalho e Jacar\u00e9, mas sem \u00eaxito. Aos 24 minutos, em linda jogada individual, Railan deixa tr\u00eas marcadores do Bahia para tr\u00e1s, chuta\u00a0 de dentro da \u00e1rea, mas o goleiro Marcos Felipe evita o gol do Vit\u00f3ria. O jogo seguiu l\u00e1 e c\u00e1, mas sem lances criativos terminou mesmo em 1 a 1.<\/p>\n<p><span style=\"font-weight: 400;\">Fonte: Ag\u00eancia Brasil <\/span><\/p>\n","protected":false},"excerpt":{"rendered":"<p>Jogando com apoio da torcida na Arena Fonte Nova, o Bahia saiu atr\u00e1s no cl\u00e1ssico contra o Vit\u00f3ria, mas conseguiu o empate em 1 a 1 neste domingo (5), em partida da sexta e antepen\u00faltima rodada da fase de grupos da Copa do Nordeste. Oswaldo abriu o placar para os visitantes aos oito minutos, e [&hellip;]<\/p>\n","protected":false},"author":246,"featured_media":211033,"comment_status":"closed","ping_status":"closed","sticky":false,"template":"","format":"standard","meta":{"footnotes":""},"categories":[436,257,439],"tags":[],"class_list":["post-211032","post","type-post","status-publish","format-standard","has-post-thumbnail","hentry","category-destaque-da-semana","category-esporte","category-ultima-hora"],"_links":{"self":[{"href":"https:\/\/diarioregionaldigital.com.br\/index.php?rest_route=\/wp\/v2\/posts\/211032","targetHints":{"allow":["GET"]}}],"collection":[{"href":"https:\/\/diarioregionaldigital.com.br\/index.php?rest_route=\/wp\/v2\/posts"}],"about":[{"href":"https:\/\/diarioregionaldigital.com.br\/index.php?rest_route=\/wp\/v2\/types\/post"}],"author":[{"embeddable":true,"href":"https:\/\/diarioregionaldigital.com.br\/index.php?rest_route=\/wp\/v2\/users\/246"}],"replies":[{"embeddable":true,"href":"https:\/\/diarioregionaldigital.com.br\/index.php?rest_route=%2Fwp%2Fv2%2Fcomments&post=211032"}],"version-history":[{"count":1,"href":"https:\/\/diarioregionaldigital.com.br\/index.php?rest_route=\/wp\/v2\/posts\/211032\/revisions"}],"predecessor-version":[{"id":211034,"href":"https:\/\/diarioregionaldigital.com.br\/index.php?rest_route=\/wp\/v2\/posts\/211032\/revisions\/211034"}],"wp:featuredmedia":[{"embeddable":true,"href":"https:\/\/diarioregionaldigital.com.br\/index.php?rest_route=\/wp\/v2\/media\/211033"}],"wp:attachment":[{"href":"https:\/\/diarioregionaldigital.com.br\/index.php?rest_route=%2Fwp%2Fv2%2Fmedia&parent=211032"}],"wp:term":[{"taxonomy":"category","embeddable":true,"href":"https:\/\/diarioregionaldigital.com.br\/index.php?rest_route=%2Fwp%2Fv2%2Fcategories&post=211032"},{"taxonomy":"post_tag","embeddable":true,"href":"https:\/\/diarioregionaldigital.com.br\/index.php?rest_route=%2Fwp%2Fv2%2Ftags&post=211032"}],"curies":[{"name":"wp","href":"https:\/\/api.w.org\/{rel}","templated":true}]}}