{"id":210772,"date":"2023-02-24T18:26:32","date_gmt":"2023-02-24T21:26:32","guid":{"rendered":"https:\/\/diarioregionaldigital.com.br\/?p=210772"},"modified":"2023-02-24T18:26:32","modified_gmt":"2023-02-24T21:26:32","slug":"copa-do-nordeste-nautico-supera-o-vitoria-em-pleno-barradao","status":"publish","type":"post","link":"https:\/\/diarioregionaldigital.com.br\/?p=210772","title":{"rendered":"Copa do Nordeste: N\u00e1utico supera o Vit\u00f3ria em pleno Barrad\u00e3o"},"content":{"rendered":"<p>O N\u00e1utico mostrou fo\u00e7a na Copa do Nordeste ao derrotar o Vit\u00f3ria por 3 a 2 de virada, em pleno est\u00e1dio do Barrad\u00e3o, em Salvador, na noite desta quinta-feira (23), e assumiu a vice-lideran\u00e7a do Grupo B com dez pontos. J\u00e1 o Rubro-Negro complicou de vez a sua situa\u00e7\u00e3o na competi\u00e7\u00e3o com o rev\u00e9s, pois ocupa apenas a sexta posi\u00e7\u00e3o do Grupo A com dois pontos.<img decoding=\"async\" src=\"https:\/\/agenciabrasil.ebc.com.br\/ebc.png?id=1512578&amp;o=node\" \/><img decoding=\"async\" src=\"https:\/\/agenciabrasil.ebc.com.br\/ebc.gif?id=1512578&amp;o=node\" \/><\/p>\n<p>Jogando em casa, o Vit\u00f3ria precisou de apenas dois minutos para abrir o placar. Osvaldo recebeu a bola na \u00e1rea por eleva\u00e7\u00e3o e teve liberdade para dominar e bater na sa\u00edda do goleiro V\u00e1gner. Aos 11 o Timbu empatou com gol de cabe\u00e7a de Jean Mangabeira ap\u00f3s cobran\u00e7a de escanteio de Kayon. Por\u00e9m, o Rubro-Negro voltou a ficar em vantagem novamente aos 18, com Thiago Lopes.<\/p>\n<p>Na etapa final o N\u00e1utico assumiu uma postura mais agressiva em busca da virada. E esta proposta de jogo deu resultado, pois os visitantes empataram aos 14, gra\u00e7as a gol contra de Railan, e chegaram \u00e0 virada aos 30, com Victor Ferraz de cabe\u00e7a.<\/p>\n<p>Tamb\u00e9m pela 5\u00aa rodada da competi\u00e7\u00e3o, o Atl\u00e9tico-BA bateu o Campinense por 2 a 1 no Carneir\u00e3o.<\/p>\n<p><span style=\"font-weight: 400;\">Fonte: Ag\u00eancia Brasil <\/span><\/p>\n","protected":false},"excerpt":{"rendered":"<p>O N\u00e1utico mostrou fo\u00e7a na Copa do Nordeste ao derrotar o Vit\u00f3ria por 3 a 2 de virada, em pleno est\u00e1dio do Barrad\u00e3o, em Salvador, na noite desta quinta-feira (23), e assumiu a vice-lideran\u00e7a do Grupo B com dez pontos. J\u00e1 o Rubro-Negro complicou de vez a sua situa\u00e7\u00e3o na competi\u00e7\u00e3o com o rev\u00e9s, pois [&hellip;]<\/p>\n","protected":false},"author":246,"featured_media":210773,"comment_status":"closed","ping_status":"closed","sticky":false,"template":"","format":"standard","meta":{"footnotes":""},"categories":[436,257,439],"tags":[],"class_list":["post-210772","post","type-post","status-publish","format-standard","has-post-thumbnail","hentry","category-destaque-da-semana","category-esporte","category-ultima-hora"],"_links":{"self":[{"href":"https:\/\/diarioregionaldigital.com.br\/index.php?rest_route=\/wp\/v2\/posts\/210772","targetHints":{"allow":["GET"]}}],"collection":[{"href":"https:\/\/diarioregionaldigital.com.br\/index.php?rest_route=\/wp\/v2\/posts"}],"about":[{"href":"https:\/\/diarioregionaldigital.com.br\/index.php?rest_route=\/wp\/v2\/types\/post"}],"author":[{"embeddable":true,"href":"https:\/\/diarioregionaldigital.com.br\/index.php?rest_route=\/wp\/v2\/users\/246"}],"replies":[{"embeddable":true,"href":"https:\/\/diarioregionaldigital.com.br\/index.php?rest_route=%2Fwp%2Fv2%2Fcomments&post=210772"}],"version-history":[{"count":1,"href":"https:\/\/diarioregionaldigital.com.br\/index.php?rest_route=\/wp\/v2\/posts\/210772\/revisions"}],"predecessor-version":[{"id":210774,"href":"https:\/\/diarioregionaldigital.com.br\/index.php?rest_route=\/wp\/v2\/posts\/210772\/revisions\/210774"}],"wp:featuredmedia":[{"embeddable":true,"href":"https:\/\/diarioregionaldigital.com.br\/index.php?rest_route=\/wp\/v2\/media\/210773"}],"wp:attachment":[{"href":"https:\/\/diarioregionaldigital.com.br\/index.php?rest_route=%2Fwp%2Fv2%2Fmedia&parent=210772"}],"wp:term":[{"taxonomy":"category","embeddable":true,"href":"https:\/\/diarioregionaldigital.com.br\/index.php?rest_route=%2Fwp%2Fv2%2Fcategories&post=210772"},{"taxonomy":"post_tag","embeddable":true,"href":"https:\/\/diarioregionaldigital.com.br\/index.php?rest_route=%2Fwp%2Fv2%2Ftags&post=210772"}],"curies":[{"name":"wp","href":"https:\/\/api.w.org\/{rel}","templated":true}]}}