{"id":210766,"date":"2023-02-24T18:22:40","date_gmt":"2023-02-24T21:22:40","guid":{"rendered":"https:\/\/diarioregionaldigital.com.br\/?p=210766"},"modified":"2023-02-24T18:22:40","modified_gmt":"2023-02-24T21:22:40","slug":"basquete-brasil-perde-para-porto-rico-e-nao-confirma-vaga-no-mundial","status":"publish","type":"post","link":"https:\/\/diarioregionaldigital.com.br\/?p=210766","title":{"rendered":"Basquete: Brasil perde para Porto Rico e n\u00e3o confirma vaga no Mundial"},"content":{"rendered":"<p>A sele\u00e7\u00e3o masculina de basquete foi derrotada por 92 a 90 por Porto Rico, na noite desta quinta-feira (23) no Gin\u00e1sio Arn\u00e3o, em Santa Cruz do Sul (RS), e desperdi\u00e7ou uma das duas oportunidades que ainda tinha para garantir a sua classifica\u00e7\u00e3o para a Copa do Mundo que ser\u00e1 disputada na Indon\u00e9sia, no Jap\u00e3o e nas Filipinas em agosto de 2023.<img decoding=\"async\" src=\"https:\/\/agenciabrasil.ebc.com.br\/ebc.png?id=1512570&amp;o=node\" \/><img decoding=\"async\" src=\"https:\/\/agenciabrasil.ebc.com.br\/ebc.gif?id=1512570&amp;o=node\" \/><\/p>\n<p>O confronto foi muito equilibrado, com a vit\u00f3ria porto-riquenha sendo alcan\u00e7ada apenas no \u00faltimo lance da partida. Quando faltavam 24 segundos para o fim do jogo o placar marcava empate de 90 a 90. Tendo a posse de bola, Porto Rico n\u00e3o falhou e contou com o sangue frio de Waters, que acertou a cesta no estouro do cron\u00f4metro para decidir a partida.<\/p>\n<p>Agora, a equipe comandada pelo t\u00e9cnico Gustavo De Conti ter\u00e1 que derrotar os Estados Unidos, a partir das 21h10 (hor\u00e1rio de Bras\u00edlia) do pr\u00f3ximo domingo (26), no seu segundo e \u00faltimo compromisso da \u00faltima janela das Eliminat\u00f3rias para o Mundial. O que facilita um pouco a miss\u00e3o da equipe brasileira \u00e9 o fato de a equipe norte-americana n\u00e3o contar com atletas que atuam na NBA.<\/p>\n<p><span style=\"font-weight: 400;\">Fonte: Ag\u00eancia Brasil <\/span><\/p>\n","protected":false},"excerpt":{"rendered":"<p>A sele\u00e7\u00e3o masculina de basquete foi derrotada por 92 a 90 por Porto Rico, na noite desta quinta-feira (23) no Gin\u00e1sio Arn\u00e3o, em Santa Cruz do Sul (RS), e desperdi\u00e7ou uma das duas oportunidades que ainda tinha para garantir a sua classifica\u00e7\u00e3o para a Copa do Mundo que ser\u00e1 disputada na Indon\u00e9sia, no Jap\u00e3o e [&hellip;]<\/p>\n","protected":false},"author":246,"featured_media":210767,"comment_status":"closed","ping_status":"closed","sticky":false,"template":"","format":"standard","meta":{"footnotes":""},"categories":[436,257,439],"tags":[],"class_list":["post-210766","post","type-post","status-publish","format-standard","has-post-thumbnail","hentry","category-destaque-da-semana","category-esporte","category-ultima-hora"],"_links":{"self":[{"href":"https:\/\/diarioregionaldigital.com.br\/index.php?rest_route=\/wp\/v2\/posts\/210766","targetHints":{"allow":["GET"]}}],"collection":[{"href":"https:\/\/diarioregionaldigital.com.br\/index.php?rest_route=\/wp\/v2\/posts"}],"about":[{"href":"https:\/\/diarioregionaldigital.com.br\/index.php?rest_route=\/wp\/v2\/types\/post"}],"author":[{"embeddable":true,"href":"https:\/\/diarioregionaldigital.com.br\/index.php?rest_route=\/wp\/v2\/users\/246"}],"replies":[{"embeddable":true,"href":"https:\/\/diarioregionaldigital.com.br\/index.php?rest_route=%2Fwp%2Fv2%2Fcomments&post=210766"}],"version-history":[{"count":1,"href":"https:\/\/diarioregionaldigital.com.br\/index.php?rest_route=\/wp\/v2\/posts\/210766\/revisions"}],"predecessor-version":[{"id":210768,"href":"https:\/\/diarioregionaldigital.com.br\/index.php?rest_route=\/wp\/v2\/posts\/210766\/revisions\/210768"}],"wp:featuredmedia":[{"embeddable":true,"href":"https:\/\/diarioregionaldigital.com.br\/index.php?rest_route=\/wp\/v2\/media\/210767"}],"wp:attachment":[{"href":"https:\/\/diarioregionaldigital.com.br\/index.php?rest_route=%2Fwp%2Fv2%2Fmedia&parent=210766"}],"wp:term":[{"taxonomy":"category","embeddable":true,"href":"https:\/\/diarioregionaldigital.com.br\/index.php?rest_route=%2Fwp%2Fv2%2Fcategories&post=210766"},{"taxonomy":"post_tag","embeddable":true,"href":"https:\/\/diarioregionaldigital.com.br\/index.php?rest_route=%2Fwp%2Fv2%2Ftags&post=210766"}],"curies":[{"name":"wp","href":"https:\/\/api.w.org\/{rel}","templated":true}]}}