{"id":210760,"date":"2023-02-24T18:16:42","date_gmt":"2023-02-24T21:16:42","guid":{"rendered":"https:\/\/diarioregionaldigital.com.br\/?p=210760"},"modified":"2023-02-24T18:16:42","modified_gmt":"2023-02-24T21:16:42","slug":"stj-citara-robinho-em-processo-que-pede-execucao-de-pena-no-brasil","status":"publish","type":"post","link":"https:\/\/diarioregionaldigital.com.br\/?p=210760","title":{"rendered":"STJ citar\u00e1 Robinho em processo que pede execu\u00e7\u00e3o de pena no Brasil"},"content":{"rendered":"<p>O ex-jogador Robinho,\u00a0<a href=\"https:\/\/agenciabrasil.ebc.com.br\/esportes\/noticia\/2022-01\/suprema-corte-italiana-mantem-condenacao-de-robinho-9-anos-de-prisao\">condenado pela justi\u00e7a da It\u00e1lia a nove anos de pris\u00e3o por estupro coletivo<\/a>, ser\u00e1 citado pelo\u00a0<a href=\"https:\/\/www.stj.jus.br\/sites\/portalp\/Paginas\/Comunicacao\/Noticias\/2023\/23022023-STJ-determina-citacao-de-Robinho-no-processo-que-discute-cumprimento-da-pena-por-estupro-no-Brasil.aspx\">Superior Tribunal de Justi\u00e7a (STJ)\u00a0<\/a>no processo de homologa\u00e7\u00e3o (reconhecimento) da senten\u00e7a italiana. A determina\u00e7\u00e3o \u00e9 da ministra Maria Thereza de Assis Moura, presidente do STJ, que aceitou na noite de ontem (23) o pedido da corte do pa\u00eds europeu para que Robinho cumpra a pena no Brasil. O crime foi cometido em 2013 em uma boate na cidade de Mil\u00e3o.<img decoding=\"async\" src=\"https:\/\/agenciabrasil.ebc.com.br\/ebc.png?id=1512726&amp;o=node\" \/><img decoding=\"async\" src=\"https:\/\/agenciabrasil.ebc.com.br\/ebc.gif?id=1512726&amp;o=node\" \/><\/p>\n<p>A presidente do STJ confirmou que a solicita\u00e7\u00e3o da justi\u00e7a italiana preenche os requisitos legais e est\u00e1 de acordo com a Constitui\u00e7\u00e3o Federal.\u00a0 A ministra intimou a Procuradoria-Geral da Rep\u00fablica (PGR) para que, \u201cem consulta aos bancos de dados a sua disposi\u00e7\u00e3o\u201d, indique um endere\u00e7o v\u00e1lido para a cita\u00e7\u00e3o do jogador.<\/p>\n<p>A cita\u00e7\u00e3o \u00e9 a primeira fase do processo de homologa\u00e7\u00e3o (reconhecimento) da decis\u00e3o da justi\u00e7a italiana. Em janeiro\u00a0a justi\u00e7a italiana, por interm\u00e9dio do Minist\u00e9rio da Justi\u00e7a, pediu ao STJ que Robinho cumprisse a\u00a0pena de nove ano no Brasil. A solicita\u00e7\u00e3o ocorreu\u00a0quase tr\u00eas meses ap\u00f3s o Brasil haver negado a extradi\u00e7\u00e3o do jogador ao pa\u00eds europeu,\u00a0j\u00e1 que a Constitui\u00e7\u00e3o Federal garante a brasileiros natos o direito de n\u00e3o serem extraditados.<\/p>\n<p>Diante do obst\u00e1culo, em nota t\u00e9cnica do Minist\u00e9rio da Justi\u00e7a\u00a0que anexa ao pedido da corte italiana ao STJ, argumenta que a solu\u00e7\u00e3o para o caso seria a transfer\u00eancia da execu\u00e7\u00e3o de pena, com base no\u00a0artigo 100 da\u00a0<a href=\"https:\/\/www.planalto.gov.br\/ccivil_03\/_ato2015-2018\/2017\/lei\/l13445.htm#art100\">Lei 13.445\/2017<\/a>\u00a0(direitos e deveres do emigrante) e no artigo 6\u00ba do Tratado Bilateral de Extradi\u00e7\u00e3o entre Brasil e It\u00e1lia.<\/p>\n<p>Diante da complexidade do caso, a ministra\u00a0 Maria Thereza de Assis Moura reiterou na decis\u00e3o proferida na quinta (23): &#8220;o\u00a0STJ ainda n\u00e3o se\u00a0<span data-match=\"##pronunciou##\">pronunciou<\/span>, por meio de sua Corte Especial, acerca da possibilidade de homologa\u00e7\u00e3o de\u00a0<span data-match=\"##senten\u00e7a##\">senten\u00e7a<\/span>\u00a0penal condenat\u00f3ria para o fim de transfer\u00eancia da execu\u00e7\u00e3o da pena para o Brasil, notadamente nos casos que envolvem brasileiro nato, cuja extradi\u00e7\u00e3o \u00e9 expressamente vedada pela Constitui\u00e7\u00e3o brasileira&#8221;.<\/p>\n<p><span style=\"font-weight: 400;\">Fonte: Ag\u00eancia Brasil <\/span><\/p>\n","protected":false},"excerpt":{"rendered":"<p>O ex-jogador Robinho,\u00a0condenado pela justi\u00e7a da It\u00e1lia a nove anos de pris\u00e3o por estupro coletivo, ser\u00e1 citado pelo\u00a0Superior Tribunal de Justi\u00e7a (STJ)\u00a0no processo de homologa\u00e7\u00e3o (reconhecimento) da senten\u00e7a italiana. A determina\u00e7\u00e3o \u00e9 da ministra Maria Thereza de Assis Moura, presidente do STJ, que aceitou na noite de ontem (23) o pedido da corte do pa\u00eds [&hellip;]<\/p>\n","protected":false},"author":246,"featured_media":210761,"comment_status":"closed","ping_status":"closed","sticky":false,"template":"","format":"standard","meta":{"footnotes":""},"categories":[436,254,439],"tags":[],"class_list":["post-210760","post","type-post","status-publish","format-standard","has-post-thumbnail","hentry","category-destaque-da-semana","category-politica","category-ultima-hora"],"_links":{"self":[{"href":"https:\/\/diarioregionaldigital.com.br\/index.php?rest_route=\/wp\/v2\/posts\/210760","targetHints":{"allow":["GET"]}}],"collection":[{"href":"https:\/\/diarioregionaldigital.com.br\/index.php?rest_route=\/wp\/v2\/posts"}],"about":[{"href":"https:\/\/diarioregionaldigital.com.br\/index.php?rest_route=\/wp\/v2\/types\/post"}],"author":[{"embeddable":true,"href":"https:\/\/diarioregionaldigital.com.br\/index.php?rest_route=\/wp\/v2\/users\/246"}],"replies":[{"embeddable":true,"href":"https:\/\/diarioregionaldigital.com.br\/index.php?rest_route=%2Fwp%2Fv2%2Fcomments&post=210760"}],"version-history":[{"count":1,"href":"https:\/\/diarioregionaldigital.com.br\/index.php?rest_route=\/wp\/v2\/posts\/210760\/revisions"}],"predecessor-version":[{"id":210762,"href":"https:\/\/diarioregionaldigital.com.br\/index.php?rest_route=\/wp\/v2\/posts\/210760\/revisions\/210762"}],"wp:featuredmedia":[{"embeddable":true,"href":"https:\/\/diarioregionaldigital.com.br\/index.php?rest_route=\/wp\/v2\/media\/210761"}],"wp:attachment":[{"href":"https:\/\/diarioregionaldigital.com.br\/index.php?rest_route=%2Fwp%2Fv2%2Fmedia&parent=210760"}],"wp:term":[{"taxonomy":"category","embeddable":true,"href":"https:\/\/diarioregionaldigital.com.br\/index.php?rest_route=%2Fwp%2Fv2%2Fcategories&post=210760"},{"taxonomy":"post_tag","embeddable":true,"href":"https:\/\/diarioregionaldigital.com.br\/index.php?rest_route=%2Fwp%2Fv2%2Ftags&post=210760"}],"curies":[{"name":"wp","href":"https:\/\/api.w.org\/{rel}","templated":true}]}}