{"id":210742,"date":"2023-02-24T18:06:21","date_gmt":"2023-02-24T21:06:21","guid":{"rendered":"https:\/\/diarioregionaldigital.com.br\/?p=210742"},"modified":"2023-02-24T18:06:21","modified_gmt":"2023-02-24T21:06:21","slug":"confianca-do-empresario-industrial-aumenta-em-fevereiro","status":"publish","type":"post","link":"https:\/\/diarioregionaldigital.com.br\/?p=210742","title":{"rendered":"Confian\u00e7a do empres\u00e1rio industrial aumenta em fevereiro"},"content":{"rendered":"<p>O empresariado industrial brasileiro est\u00e1 mais confiante neste m\u00eas\u00a0em rela\u00e7\u00e3o a janeiro, segundo o \u00cdndice de Confian\u00e7a do Empres\u00e1rio Industrial (Icei)\u00a0divulgado\u00a0hoje\u00a0(24) pela Confedera\u00e7\u00e3o Nacional da Ind\u00fastria (CNI).<img decoding=\"async\" src=\"https:\/\/agenciabrasil.ebc.com.br\/ebc.png?id=1512671&amp;o=node\" \/><img decoding=\"async\" src=\"https:\/\/agenciabrasil.ebc.com.br\/ebc.gif?id=1512671&amp;o=node\" \/><\/p>\n<p>De acordo com pesquisa realizada entre os dias 1\u00ba e\u00a09 de fevereiro, com 1.979 empresas, a confian\u00e7a avan\u00e7ou em 21 de 29 setores consultados. O resultado coloca 19 setores industriais em\u00a0 estado de confian\u00e7a.<\/p>\n<p>De acordo com o gerente de An\u00e1lise Econ\u00f4mica da CNI, Marcelo Azevedo, a recupera\u00e7\u00e3o da confian\u00e7a \u00e9 resultado de\u00a0maior otimismo demonstrado por empres\u00e1rios da ind\u00fastria para os pr\u00f3ximos seis meses.\u00a0\u201cH\u00e1 reflex\u00e3o disseminada de que a empresa estar\u00e1 melhor no futuro\u201d, disse.<\/p>\n<p>O economista explicou\u00a0que ainda n\u00e3o foi poss\u00edvel recuperar a falta de\u00a0confian\u00e7a dos \u00faltimos tr\u00eas meses. O Icei \u00e9 formado por dois indicadores: um trata dos pr\u00f3ximos seis meses e o outro avalia as condi\u00e7\u00f5es atuais frente aos seis meses anteriores.<\/p>\n<p>A avalia\u00e7\u00e3o quanto \u00e0 situa\u00e7\u00e3o atual ainda \u00e9 negativa. O \u00cdndice de Condi\u00e7\u00f5es Atuais mostra que 27 de 29 setores apontam que as condi\u00e7\u00f5es atuais s\u00e3o piores do que as observadas nos \u00faltimos seis meses.<\/p>\n<h2>Regi\u00f5es<\/h2>\n<p>O Icei de fevereiro\u00a0mostrou confian\u00e7a em quatro regi\u00f5es do pa\u00eds, exceto no Sul. As principais altas ocorreram nas regi\u00f5es Sudeste, que passou de 47,7 pontos para 50,3 pontos, e Norte, onde o Icei subiu de 51,7 pontos para 54,2 pontos. O indicador varia de 0 a 100, com um corte em 50 pontos. Dados acima desse corte indicam confian\u00e7a e, abaixo, desconfian\u00e7a. Ao cruzar a linha divis\u00f3ria, o Sudeste migrou para um estado de confian\u00e7a, indica a pesquisa.<\/p>\n<p>As regi\u00f5es Centro-Oeste, com 52,1 pontos, e Nordeste, com 54,4 pontos, seguem confiantes. Apenas as ind\u00fastrias da regi\u00e3o Sul, que chegaram a fevereiro com 46,3 pontos, se mostram pessimistas.<\/p>\n<p>O Icei de fevereiro\u00a0ficou positivo entre as grandes empresas, mas continua negativo para pequenas e m\u00e9dias ind\u00fastrias. A pesquisa da CNI comprova que a confian\u00e7a avan\u00e7ou em ind\u00fastrias de todos os portes. Entretanto, o \u00fanico avan\u00e7o capaz de levar \u00e0 mudan\u00e7a do quadro de desconfian\u00e7a para confian\u00e7a foi registrado entre as grandes empresas, com mais de 250 funcion\u00e1rios. Entre elas, o \u00edndice passou de 49,7 pontos para 52 pontos.<\/p>\n<p>No caso das pequenas e m\u00e9dias ind\u00fastrias, os \u00edndices ficaram abaixo de 50 pontos, o que mostra que est\u00e3o sem confian\u00e7a. Entre as pequenas e m\u00e9dias empresas, o \u00edndice subiu de 48,8 pontos para 49,6 pontos e, entre as m\u00e9dias, de 48,6 pontos para 49,7 pontos.<\/p>\n<p>Os setores identificados como mais confiantes s\u00e3o produtos farmoqu\u00edmicos e farmac\u00eauticos (60,4 pontos), produtos de limpeza, perfume e higiene pessoal (57,1 pontos), m\u00e1quinas, aparelhos e materiais el\u00e9tricos (53,5 pontos) e extra\u00e7\u00e3o de materiais n\u00e3o-met\u00e1licos (53,3 pontos). Entre os setores pessimistas est\u00e3o produtos de madeira (43,3 pontos), produtos de minerais n\u00e3o-met\u00e1licos (45 pontos), confec\u00e7\u00e3o de artigos do vestu\u00e1rio e acess\u00f3rios (46,4 pontos) e m\u00f3veis (47 pontos).<\/p>\n<p><span style=\"font-weight: 400;\">Fonte: Ag\u00eancia Brasil <\/span><\/p>\n","protected":false},"excerpt":{"rendered":"<p>O empresariado industrial brasileiro est\u00e1 mais confiante neste m\u00eas\u00a0em rela\u00e7\u00e3o a janeiro, segundo o \u00cdndice de Confian\u00e7a do Empres\u00e1rio Industrial (Icei)\u00a0divulgado\u00a0hoje\u00a0(24) pela Confedera\u00e7\u00e3o Nacional da Ind\u00fastria (CNI). De acordo com pesquisa realizada entre os dias 1\u00ba e\u00a09 de fevereiro, com 1.979 empresas, a confian\u00e7a avan\u00e7ou em 21 de 29 setores consultados. O resultado coloca 19 [&hellip;]<\/p>\n","protected":false},"author":246,"featured_media":210743,"comment_status":"closed","ping_status":"closed","sticky":false,"template":"","format":"standard","meta":{"footnotes":""},"categories":[436,261,439],"tags":[],"class_list":["post-210742","post","type-post","status-publish","format-standard","has-post-thumbnail","hentry","category-destaque-da-semana","category-economia","category-ultima-hora"],"_links":{"self":[{"href":"https:\/\/diarioregionaldigital.com.br\/index.php?rest_route=\/wp\/v2\/posts\/210742","targetHints":{"allow":["GET"]}}],"collection":[{"href":"https:\/\/diarioregionaldigital.com.br\/index.php?rest_route=\/wp\/v2\/posts"}],"about":[{"href":"https:\/\/diarioregionaldigital.com.br\/index.php?rest_route=\/wp\/v2\/types\/post"}],"author":[{"embeddable":true,"href":"https:\/\/diarioregionaldigital.com.br\/index.php?rest_route=\/wp\/v2\/users\/246"}],"replies":[{"embeddable":true,"href":"https:\/\/diarioregionaldigital.com.br\/index.php?rest_route=%2Fwp%2Fv2%2Fcomments&post=210742"}],"version-history":[{"count":1,"href":"https:\/\/diarioregionaldigital.com.br\/index.php?rest_route=\/wp\/v2\/posts\/210742\/revisions"}],"predecessor-version":[{"id":210744,"href":"https:\/\/diarioregionaldigital.com.br\/index.php?rest_route=\/wp\/v2\/posts\/210742\/revisions\/210744"}],"wp:featuredmedia":[{"embeddable":true,"href":"https:\/\/diarioregionaldigital.com.br\/index.php?rest_route=\/wp\/v2\/media\/210743"}],"wp:attachment":[{"href":"https:\/\/diarioregionaldigital.com.br\/index.php?rest_route=%2Fwp%2Fv2%2Fmedia&parent=210742"}],"wp:term":[{"taxonomy":"category","embeddable":true,"href":"https:\/\/diarioregionaldigital.com.br\/index.php?rest_route=%2Fwp%2Fv2%2Fcategories&post=210742"},{"taxonomy":"post_tag","embeddable":true,"href":"https:\/\/diarioregionaldigital.com.br\/index.php?rest_route=%2Fwp%2Fv2%2Ftags&post=210742"}],"curies":[{"name":"wp","href":"https:\/\/api.w.org\/{rel}","templated":true}]}}