{"id":210734,"date":"2023-02-24T01:33:26","date_gmt":"2023-02-24T04:33:26","guid":{"rendered":"https:\/\/diarioregionaldigital.com.br\/?p=210734"},"modified":"2023-02-24T01:33:26","modified_gmt":"2023-02-24T04:33:26","slug":"prefeitura-municipal-de-descoberto-extrato-no026-24-02-2023","status":"publish","type":"post","link":"https:\/\/diarioregionaldigital.com.br\/?p=210734","title":{"rendered":"Prefeitura Municipal de Descoberto &#8211; Extrato n\u00ba026 &#8211; 24\/02\/2023"},"content":{"rendered":"<p style=\"text-align: center;\"><strong>EXTRATO DE CONTRATO<\/strong><\/p>\n<p style=\"text-align: center;\">Pref. Municipal de Descoberto x Jose Carlos de Assis Produ\u00e7\u00f5es Art\u00edsticas Ltda \u2013 Show art\u00edstico da dupla Fernando e Sorocaba no dia 15\/09\/2023, no parque de exposi\u00e7\u00f5es no evento Exposi\u00e7\u00e3o Agropecu\u00e1ria 2023 \u2013 Fundamento: Inexigibilidade n\u00ba 005\/2023\u00a0 &#8211;\u00a0 Valor Global: R$ 235.00,00 &#8211; Vig\u00eancia: 08 meses &#8211;\u00a0 Dot or\u00e7: 02.02016.13.392.0015.278-339039\/150 &#8211; Ass: 24\/02\/2023 &#8211; Foro: S\u00e3o Jo\u00e3o Nepomuceno\/MG.<\/p>\n<p style=\"text-align: center;\"><strong>Marcos de Ara\u00fajo Lima<\/strong><\/p>\n<p style=\"text-align: center;\"><strong>Prefeito Municipal<\/strong><\/p>\n","protected":false},"excerpt":{"rendered":"<p>EXTRATO DE CONTRATO Pref. Municipal de Descoberto x Jose Carlos de Assis Produ\u00e7\u00f5es Art\u00edsticas Ltda \u2013 Show art\u00edstico da dupla Fernando e Sorocaba no dia 15\/09\/2023, no parque de exposi\u00e7\u00f5es no evento Exposi\u00e7\u00e3o Agropecu\u00e1ria 2023 \u2013 Fundamento: Inexigibilidade n\u00ba 005\/2023\u00a0 &#8211;\u00a0 Valor Global: R$ 235.00,00 &#8211; Vig\u00eancia: 08 meses &#8211;\u00a0 Dot or\u00e7: 02.02016.13.392.0015.278-339039\/150 &#8211; Ass: [&hellip;]<\/p>\n","protected":false},"author":96,"featured_media":0,"comment_status":"closed","ping_status":"closed","sticky":false,"template":"","format":"standard","meta":{"footnotes":""},"categories":[307],"tags":[],"class_list":["post-210734","post","type-post","status-publish","format-standard","hentry","category-editais"],"_links":{"self":[{"href":"https:\/\/diarioregionaldigital.com.br\/index.php?rest_route=\/wp\/v2\/posts\/210734","targetHints":{"allow":["GET"]}}],"collection":[{"href":"https:\/\/diarioregionaldigital.com.br\/index.php?rest_route=\/wp\/v2\/posts"}],"about":[{"href":"https:\/\/diarioregionaldigital.com.br\/index.php?rest_route=\/wp\/v2\/types\/post"}],"author":[{"embeddable":true,"href":"https:\/\/diarioregionaldigital.com.br\/index.php?rest_route=\/wp\/v2\/users\/96"}],"replies":[{"embeddable":true,"href":"https:\/\/diarioregionaldigital.com.br\/index.php?rest_route=%2Fwp%2Fv2%2Fcomments&post=210734"}],"version-history":[{"count":1,"href":"https:\/\/diarioregionaldigital.com.br\/index.php?rest_route=\/wp\/v2\/posts\/210734\/revisions"}],"predecessor-version":[{"id":210735,"href":"https:\/\/diarioregionaldigital.com.br\/index.php?rest_route=\/wp\/v2\/posts\/210734\/revisions\/210735"}],"wp:attachment":[{"href":"https:\/\/diarioregionaldigital.com.br\/index.php?rest_route=%2Fwp%2Fv2%2Fmedia&parent=210734"}],"wp:term":[{"taxonomy":"category","embeddable":true,"href":"https:\/\/diarioregionaldigital.com.br\/index.php?rest_route=%2Fwp%2Fv2%2Fcategories&post=210734"},{"taxonomy":"post_tag","embeddable":true,"href":"https:\/\/diarioregionaldigital.com.br\/index.php?rest_route=%2Fwp%2Fv2%2Ftags&post=210734"}],"curies":[{"name":"wp","href":"https:\/\/api.w.org\/{rel}","templated":true}]}}