{"id":210709,"date":"2023-02-24T01:14:25","date_gmt":"2023-02-24T04:14:25","guid":{"rendered":"https:\/\/diarioregionaldigital.com.br\/?p=210709"},"modified":"2023-02-24T01:14:25","modified_gmt":"2023-02-24T04:14:25","slug":"otimismo","status":"publish","type":"post","link":"https:\/\/diarioregionaldigital.com.br\/?p=210709","title":{"rendered":"Otimismo"},"content":{"rendered":"<p>Seguir a Cristo nos torna otimistas:<\/p>\n<p>\u201cSabemos que Deus age em todas as coisas para o bem daqueles que o amam, dos que foram chamados de acordo com o seu prop\u00f3sito\u201d (Romanos 8: 28).<\/p>\n<p>Porque em Cristo conhecemos o amor e o poder de Deus:<\/p>\n<p>\u201csendo fortalecidos com todo o poder, de acordo com a for\u00e7a da sua gl\u00f3ria, para que tenham toda a perseveran\u00e7a e paci\u00eancia com alegria, dando gra\u00e7as ao Pai, que nos tornou dignos de participar da heran\u00e7a dos santos no reino da luz. Pois ele nos resgatou do dom\u00ednio das trevas e nos transportou para o Reino do seu Filho amado (Colossenses 1: 11-13).<\/p>\n<p>Esse \u00e9 o mesmo amor e o mesmo poder que nos torna pessoas moderadas e fortes:<\/p>\n<p>\u201cPorque Deus n\u00e3o nos deu o esp\u00edrito de temor, mas de fortaleza, e de amor, e de modera\u00e7\u00e3o\u201d (2 Tim\u00f3teo 1: 7).<\/p>\n<p>E a sensa\u00e7\u00e3o que devemos nutrir \u00e9 de que somos amados e poderosos em Cristo Jesus:<\/p>\n<p>\u201cTudo posso naquele que me fortalece\u201d (Filipenses 4: 13).<\/p>\n<p>Nada deve abalar a pessoa que se entrega verdadeiramente aos cuidados de Deus:<\/p>\n<p>\u201cOs que confiam no Senhor s\u00e3o como o monte Si\u00e3o, que n\u00e3o se pode abalar, mas permanece para sempre\u201d (Salmos 125: 1).<\/p>\n<p>Porque o Pai est\u00e1 ao nosso lado todo o tempo, o tempo todo:<\/p>\n<p>&#8220;Mas bendito \u00e9 o homem cuja confian\u00e7a est\u00e1 no Senhor, cuja confian\u00e7a nele est\u00e1\u201d (Jeremias 17: 7).<\/p>\n<p>Est\u00e1 ao nosso lado especialmente nos perigos:<\/p>\n<p>\u201cEle nos livrou e continuar\u00e1 nos livrando de tal perigo de morte. Nele temos colocado a nossa esperan\u00e7a de que continuar\u00e1 a livrar-nos\u201d (2 Cor\u00edntios 1: 10).<\/p>\n<p>Est\u00e1 ao nosso lado especialmente nos tempo de ang\u00fastia:<\/p>\n<p>\u201cO SENHOR \u00e9 bom, um ref\u00fagio em tempos de ang\u00fastia. Ele protege os que nele confiam\u201d (Naum 1: 7).<\/p>\n<p>E se algo nos falta, temos a Quem apresentar com confian\u00e7a a nossa peti\u00e7\u00e3o:<\/p>\n<p>\u201cEsta \u00e9 a confian\u00e7a que temos ao nos aproximarmos de Deus: se pedirmos alguma coisa de acordo com a sua vontade, ele nos ouve\u201d (1 Jo\u00e3o 5: 14).<\/p>\n<p>Quem cr\u00ea n\u00e3o pode ser outra coisa sen\u00e3o otimista, porque n\u00e3o h\u00e1 obst\u00e1culo que n\u00e3o possa ser superado, uma vez que nada pode nos afastar do amor de Deus:<\/p>\n<p>\u201cMas, em todas estas coisas somos mais que vencedores, por meio daquele que nos amou. Pois estou convencido de que nem morte nem vida, nem anjos nem dem\u00f4nios, nem o presente nem o futuro, nem quaisquer poderes, nem altura nem profundidade, nem qualquer outra coisa na cria\u00e7\u00e3o ser\u00e1 capaz de nos separar do amor de Deus que est\u00e1 em Cristo Jesus, nosso Senhor\u201d (Romanos 8: 37-39).<\/p>\n","protected":false},"excerpt":{"rendered":"<p>Seguir a Cristo nos torna otimistas: \u201cSabemos que Deus age em todas as coisas para o bem daqueles que o amam, dos que foram chamados de acordo com o seu prop\u00f3sito\u201d (Romanos 8: 28). Porque em Cristo conhecemos o amor e o poder de Deus: \u201csendo fortalecidos com todo o poder, de acordo com a [&hellip;]<\/p>\n","protected":false},"author":96,"featured_media":0,"comment_status":"closed","ping_status":"closed","sticky":false,"template":"","format":"standard","meta":{"footnotes":""},"categories":[1244],"tags":[],"class_list":["post-210709","post","type-post","status-publish","format-standard","hentry","category-oleg-abramov"],"_links":{"self":[{"href":"https:\/\/diarioregionaldigital.com.br\/index.php?rest_route=\/wp\/v2\/posts\/210709","targetHints":{"allow":["GET"]}}],"collection":[{"href":"https:\/\/diarioregionaldigital.com.br\/index.php?rest_route=\/wp\/v2\/posts"}],"about":[{"href":"https:\/\/diarioregionaldigital.com.br\/index.php?rest_route=\/wp\/v2\/types\/post"}],"author":[{"embeddable":true,"href":"https:\/\/diarioregionaldigital.com.br\/index.php?rest_route=\/wp\/v2\/users\/96"}],"replies":[{"embeddable":true,"href":"https:\/\/diarioregionaldigital.com.br\/index.php?rest_route=%2Fwp%2Fv2%2Fcomments&post=210709"}],"version-history":[{"count":1,"href":"https:\/\/diarioregionaldigital.com.br\/index.php?rest_route=\/wp\/v2\/posts\/210709\/revisions"}],"predecessor-version":[{"id":210710,"href":"https:\/\/diarioregionaldigital.com.br\/index.php?rest_route=\/wp\/v2\/posts\/210709\/revisions\/210710"}],"wp:attachment":[{"href":"https:\/\/diarioregionaldigital.com.br\/index.php?rest_route=%2Fwp%2Fv2%2Fmedia&parent=210709"}],"wp:term":[{"taxonomy":"category","embeddable":true,"href":"https:\/\/diarioregionaldigital.com.br\/index.php?rest_route=%2Fwp%2Fv2%2Fcategories&post=210709"},{"taxonomy":"post_tag","embeddable":true,"href":"https:\/\/diarioregionaldigital.com.br\/index.php?rest_route=%2Fwp%2Fv2%2Ftags&post=210709"}],"curies":[{"name":"wp","href":"https:\/\/api.w.org\/{rel}","templated":true}]}}